{"id":116309,"date":"2021-05-05T20:00:04","date_gmt":"2021-05-06T00:00:04","guid":{"rendered":"https:\/\/linitiative.ca\/International\/projet-universite-thomas-sankara-les-personnes-affectees-passent-a-la-caisse\/"},"modified":"2021-05-05T20:00:04","modified_gmt":"2021-05-06T00:00:04","slug":"projet-universite-thomas-sankara-les-personnes-affectees-passent-a-la-caisse","status":"publish","type":"post","link":"https:\/\/linitiative.ca\/International\/projet-universite-thomas-sankara-les-personnes-affectees-passent-a-la-caisse\/","title":{"rendered":"Projet universit\u00e9 Thomas-Sankara : Les personnes affect\u00e9es passent  \u00e0 la caisse"},"content":{"rendered":"<div class=\"td-post-featured-image\">\n<figure><a href=\"https:\/\/www.sidwaya.info\/wp-content\/uploads\/2021\/05\/sankara-1.jpg\" data-caption=\"\u2026elles sont environ 850 personnes \u00e0 attendre pour entrer en possession de leur ch\u00e8que. A l\u2019instar de cette propri\u00e9taire terrienne\u2026\"><img loading=\"lazy\" decoding=\"async\" width=\"696\" height=\"464\" class=\"entry-thumb td-modal-image\" src=\"https:\/\/www.sidwaya.info\/wp-content\/uploads\/2021\/05\/sankara-1-696x464.jpg\" srcset=\"https:\/\/www.sidwaya.info\/wp-content\/uploads\/2021\/05\/sankara-1-696x464.jpg 696w, https:\/\/www.sidwaya.info\/wp-content\/uploads\/2021\/05\/sankara-1-300x200.jpg 300w, https:\/\/www.sidwaya.info\/wp-content\/uploads\/2021\/05\/sankara-1-768x512.jpg 768w, https:\/\/www.sidwaya.info\/wp-content\/uploads\/2021\/05\/sankara-1-150x100.jpg 150w, https:\/\/www.sidwaya.info\/wp-content\/uploads\/2021\/05\/sankara-1-630x420.jpg 630w, https:\/\/www.sidwaya.info\/wp-content\/uploads\/2021\/05\/sankara-1.jpg 780w\" sizes=\"auto, (max-width: 696px) 100vw, 696px\" alt=\"\" title=\"sankara\"\/><\/a><figcaption class=\"wp-caption-text\">\u2026elles sont environ 850 personnes \u00e0 attendre pour entrer en possession de leur ch\u00e8que. A l\u2019instar de cette propri\u00e9taire terrienne\u2026<\/figcaption><\/figure>\n<\/div>\n<p><strong>Les personnes affect\u00e9es par le projet de construction de l\u2019universit\u00e9 Thomas- Sankara dans la commune de Saaba sont pass\u00e9es \u00e0 la caisse, le mercredi 5 mai 2021, pour entrer en possession de leurs ch\u00e8ques.<\/strong><\/p>\n<p>Apr\u00e8s plus de cinq ans de tractations, c\u2019est enfin le bout du tunnel pour les 396 propri\u00e9taires terriens, 365 acqu\u00e9reurs et 84 exploitants affect\u00e9s par le projet de construction de l\u2019Universit\u00e9 Thomas- Sankara (UTS).<br \/>En effet, le mercredi 5 mai 2021, ils ont re\u00e7u chacun un ch\u00e8que en fonction du pr\u00e9judice caus\u00e9 et des investissements sur le terrain. D\u2019un co\u00fbt d\u2019environ 5 milliards F CFA, cette indemnisation qui a mis trop de temps pour se concr\u00e9tiser a pris en compte plusieurs aspects, selon le pr\u00e9sident de l\u2019universit\u00e9, Adjima Thiombiano. Il s\u2019est agi, selon lui, dans un premier temps, de recenser les personnes affect\u00e9es par le projet et ensuite recenser leurs biens.<\/p>\n<p>\u00ab Entre temps, nous nous sommes rendus compte qu\u2019effectivement, entre les d\u00e9clarations notamment en terme de superficie des champs et la r\u00e9alit\u00e9 sur le terrain, il y avait un surplus de plus de 250 ha. Donc, il fallait rentrer dans une phase de n\u00e9gociations avec ces populations pour stabiliser les superficies qui nous a pris une ann\u00e9e et demie et c\u2019est apr\u00e8s cela que nous sommes entr\u00e9s dans la phase d\u2019\u00e9valuation financi\u00e8re \u00bb, a expliqu\u00e9 le<\/p>\n<figure id=\"attachment_35110\" aria-describedby=\"caption-attachment-35110\" class=\"wp-caption alignleft c1\"><img decoding=\"async\" loading=\"lazy\" class=\"size-medium wp-image-35110\" src=\"https:\/\/www.sidwaya.info\/wp-content\/uploads\/2021\/05\/s-227x300.jpg\" alt=\"\" width=\"227\" height=\"300\" srcset=\"https:\/\/www.sidwaya.info\/wp-content\/uploads\/2021\/05\/s-227x300.jpg 227w, https:\/\/www.sidwaya.info\/wp-content\/uploads\/2021\/05\/s-150x198.jpg 150w, https:\/\/www.sidwaya.info\/wp-content\/uploads\/2021\/05\/s-300x397.jpg 300w, https:\/\/www.sidwaya.info\/wp-content\/uploads\/2021\/05\/s-318x420.jpg 318w, https:\/\/www.sidwaya.info\/wp-content\/uploads\/2021\/05\/s.jpg 593w\" sizes=\"auto, (max-width: 227px) 100vw, 227px\"\/><figcaption id=\"caption-attachment-35110\" class=\"wp-caption-text\">Pour le pr\u00e9sident de l\u2019UTS, Adjima Thiombiano, l\u2019indemnisation marque l\u2019aboutissement d\u2019un long processus.<\/figcaption><\/figure>\n<p>pr\u00e9sident Thiombiano. Ainsi, plusieurs mod\u00e8les d\u2019indemnisation ont \u00e9t\u00e9 propos\u00e9s aux populations des 12 villages affect\u00e9s par projet mais aussi, aux acqu\u00e9reurs et aux exploitants, a affirm\u00e9, M. Thiombiano. Il a reconnu d\u2019ailleurs que celles-ci ont consenti un gros sacrifice pour permettre la r\u00e9alisation du projet. \u00ab M\u00eame si nous payons 5 millions F CFA l\u2019hectare, cela ne sera jamais le co\u00fbt r\u00e9el de la superficie que chacun a consenti parce que cela ne prend pas en compte certains aspects importants comme la question culturelle \u00bb, a-t-il relev\u00e9.<\/p>\n<h3>Une satisfaction des parties<\/h3>\n<p>Le pr\u00e9sident de l\u2019UTS a salu\u00e9 l\u2019esprit d\u2019\u00e9coute et de compr\u00e9hension, dont a fait preuve la population, mais \u00e9galement des chefs des villages concern\u00e9s qui ont fait preuve de bienveillance \u00e0 leur \u00e9gard. D\u2019une superficie totale de 1890 ha, le domaine de l\u2019UTS a \u00e9t\u00e9 amput\u00e9 de 364 ha. Et \u00e0 entendre le Pr Thiombiano, il s\u2019agit pour le projet de d\u00e9gager des parcelles pour tous ceux qui ont \u00e9t\u00e9 affect\u00e9s par le projet.\u00a0\u00ab\u00a0Nous avons pu d\u00e9gager \u00e0 l\u2019int\u00e9rieur de l\u2019universit\u00e9 pr\u00e8s de 364 ha que nous avons parcell\u00e9s, bien s\u00fbr apr\u00e8s avoir obtenu l\u2019autorisation de lotir et attribu\u00e9 ces parcelles \u00e0 l\u2019ensemble des populations (propri\u00e9taires terriens, acqu\u00e9reurs et exploitants) affect\u00e9es\u00a0\u00bb, a pr\u00e9cis\u00e9 le pr\u00e9sident Thiombiano.<\/p>\n<p>C\u2019est pourquoi, le chef de Kouanda, site de ladite universit\u00e9, n\u2019a pas cach\u00e9 sa satisfaction apr\u00e8s avoir re\u00e7u son ch\u00e8que. \u00ab\u00a0Je suis fier, car aujourd\u2019hui, le gouvernement a honor\u00e9 son engagement. Cela fait des ann\u00e9es que nous avons entam\u00e9 les n\u00e9gociations et c\u2019est le bout du tunnel. Car, j\u2019ai encaiss\u00e9 mon ch\u00e8que, le Kamsonghin Dapoya Naaba \u00e9galement et tous ceux qui attendent vont aussi passer \u00e0 la caisse. C\u2019est bien pour l\u2019UTS et pour toute la population\u00a0\u00bb, a laiss\u00e9 entendre le chef de Kouanda. Selon lui, le montant re\u00e7u correspond parfaitement \u00e0 leurs attentes.<\/p>\n<p>\u00ab\u00a0 le projet a pay\u00e9 les arbres, les terres, les champs, les b\u00e2timents, en somme, tout ce que tu as eu \u00e0 faire comme investissement le projet a pris cela en compte et nous ne pouvons que nous r\u00e9jouir\u00a0\u00bb, a-t-il indiqu\u00e9.<br \/>Rebaptis\u00e9 et inaugur\u00e9 le 15 octobre 2020, l\u2019universit\u00e9 Thomas-Sankara\u00a0est situ\u00e9e dans la commune de Saaba, \u00e0 une vingtaine de kilom\u00e8tres de\u00a0Ouagadougou. Elle a \u00e9t\u00e9 \u00e9rig\u00e9e en \u00c9tablissement public de l\u2019Etat \u00e0 caract\u00e8re scientifique, culturel et technique (EPESCT) par d\u00e9cret n\u00b02008-442\/PRES\/PM\/MESSRS\/MEF du\u00a015 juillet 2008.<\/p>\n<p class=\"c2\"><strong>Donald Wendpouir\u00e9 NIKIEMA<\/strong><br \/>tousunis.do@gmail.com<\/p>\n<div class=\"td-a-rec td-a-rec-id-content_bottom tdi_33_d22 td_block_template_1\">\n<p><img loading=\"lazy\" decoding=\"async\" class=\"aligncenter size-full wp-image-27454\" src=\"https:\/\/www.sidwaya.info\/wp-content\/uploads\/2020\/10\/PUB-Bandeau-paiement-mobile-siteweb.jpg\" alt=\"\" width=\"728\" height=\"90\"\/><\/div>\n<p>Auteur: JK. Sidwaya<br \/>\n<a href=\"https:\/\/www.sidwaya.info\/blog\/2021\/05\/06\/projet-universite-thomas-sankara-les-personnes-affectees-passent-a-la-caisse\/\">Cliquez ici pour lire l&rsquo;article depuis sa source.<\/a><\/p>\n","protected":false},"excerpt":{"rendered":"<p>\u2026elles sont environ 850 personnes \u00e0 attendre pour entrer en possession de leur ch\u00e8que. A l\u2019instar de cette propri\u00e9taire terrienne\u2026 Les personnes affect\u00e9es par le projet de construction de l\u2019universit\u00e9 Thomas- Sankara dans la commune de Saaba sont pass\u00e9es \u00e0 la caisse, le mercredi 5 mai 2021, pour entrer en possession de leurs ch\u00e8ques. Apr\u00e8s [&hellip;]<\/p>\n","protected":false},"author":1816,"featured_media":0,"comment_status":"closed","ping_status":"closed","sticky":false,"template":"","format":"standard","meta":{"fifu_image_url":"https:\/\/www.sidwaya.info\/wp-content\/uploads\/2021\/05\/sankara-1-696x464.jpg","fifu_image_alt":"Projet universit\u00e9 Thomas-Sankara : Les personnes affect\u00e9es passent  \u00e0 la caisse","footnotes":""},"categories":[73,81],"tags":[],"class_list":["post-116309","post","type-post","status-publish","format-standard","hentry","category-actualite","category-burkina-faso"],"_links":{"self":[{"href":"https:\/\/linitiative.ca\/International\/wp-json\/wp\/v2\/posts\/116309","targetHints":{"allow":["GET"]}}],"collection":[{"href":"https:\/\/linitiative.ca\/International\/wp-json\/wp\/v2\/posts"}],"about":[{"href":"https:\/\/linitiative.ca\/International\/wp-json\/wp\/v2\/types\/post"}],"author":[{"embeddable":true,"href":"https:\/\/linitiative.ca\/International\/wp-json\/wp\/v2\/users\/1816"}],"replies":[{"embeddable":true,"href":"https:\/\/linitiative.ca\/International\/wp-json\/wp\/v2\/comments?post=116309"}],"version-history":[{"count":0,"href":"https:\/\/linitiative.ca\/International\/wp-json\/wp\/v2\/posts\/116309\/revisions"}],"wp:attachment":[{"href":"https:\/\/linitiative.ca\/International\/wp-json\/wp\/v2\/media?parent=116309"}],"wp:term":[{"taxonomy":"category","embeddable":true,"href":"https:\/\/linitiative.ca\/International\/wp-json\/wp\/v2\/categories?post=116309"},{"taxonomy":"post_tag","embeddable":true,"href":"https:\/\/linitiative.ca\/International\/wp-json\/wp\/v2\/tags?post=116309"}],"curies":[{"name":"wp","href":"https:\/\/api.w.org\/{rel}","templated":true}]}}