{"id":116310,"date":"2021-05-05T20:04:35","date_gmt":"2021-05-06T00:04:35","guid":{"rendered":"https:\/\/linitiative.ca\/International\/assises-nationales-de-leducation-le-ministre-ouaro-sollicite-les-conseils-de-lacademie-des-sciences\/"},"modified":"2021-05-05T20:04:35","modified_gmt":"2021-05-06T00:04:35","slug":"assises-nationales-de-leducation-le-ministre-ouaro-sollicite-les-conseils-de-lacademie-des-sciences","status":"publish","type":"post","link":"https:\/\/linitiative.ca\/International\/assises-nationales-de-leducation-le-ministre-ouaro-sollicite-les-conseils-de-lacademie-des-sciences\/","title":{"rendered":"Assises nationales de l\u2019\u00e9ducation : Le ministre Ouaro sollicite les conseils de l\u2019Acad\u00e9mie des sciences"},"content":{"rendered":"<div class=\"td-post-featured-image\">\n<figure><a href=\"https:\/\/www.sidwaya.info\/wp-content\/uploads\/2021\/05\/conseil.jpg\" data-caption=\"L\u2019implication des membres de l\u2019institution dans l\u2019organisation des assises nationales de l\u2019\u00e9ducation a \u00e9t\u00e9 sollicit\u00e9e.\"><img loading=\"lazy\" decoding=\"async\" width=\"696\" height=\"499\" class=\"entry-thumb td-modal-image\" src=\"https:\/\/www.sidwaya.info\/wp-content\/uploads\/2021\/05\/conseil-696x499.jpg\" srcset=\"https:\/\/www.sidwaya.info\/wp-content\/uploads\/2021\/05\/conseil-696x499.jpg 696w, https:\/\/www.sidwaya.info\/wp-content\/uploads\/2021\/05\/conseil-300x215.jpg 300w, https:\/\/www.sidwaya.info\/wp-content\/uploads\/2021\/05\/conseil-768x550.jpg 768w, https:\/\/www.sidwaya.info\/wp-content\/uploads\/2021\/05\/conseil-150x108.jpg 150w, https:\/\/www.sidwaya.info\/wp-content\/uploads\/2021\/05\/conseil-586x420.jpg 586w, https:\/\/www.sidwaya.info\/wp-content\/uploads\/2021\/05\/conseil.jpg 780w\" sizes=\"auto, (max-width: 696px) 100vw, 696px\" alt=\"\" title=\"conseil\"\/><\/a><figcaption class=\"wp-caption-text\">L\u2019implication des membres de l\u2019institution dans l\u2019organisation des assises nationales de l\u2019\u00e9ducation a \u00e9t\u00e9 sollicit\u00e9e.<\/figcaption><\/figure>\n<\/div>\n<p><strong>Les membres de l\u2019Acad\u00e9mie nationale des sciences, des arts et des lettres du Burkina Faso ont re\u00e7u en audience, le mardi 4 mai 2021, \u00e0 Ouagadougou, le ministre de l\u2019Education nationale, de l\u2019Alphab\u00e9tisation et de la Promotion des Langues nationales, Stanislas Ouaro. L\u2019organisation des assises nationales de l\u2019\u00e9ducation a \u00e9t\u00e9 au menu des \u00e9changes.<\/strong><\/p>\n<p>Le Ministre de l\u2019 \u00e9ducation nationale, de l\u2019alphab\u00e9tisation et de la promotion des langues nationales (MENAPLN), Stanislas Ouaro, poursuit les consultations des acteurs en vue de l\u2019organisation des assises nationales pr\u00e9vues en septembre prochain. A cet effet, il a \u00e9t\u00e9 re\u00e7u en audience par le pr\u00e9sident et les membres de l\u2019Acad\u00e9mie nationale des sciences, des arts et des lettres du Burkina Faso (ANSAL-BF), le mardi 4 mai 2021, dans les locaux de l\u2019institution \u00e0 Ouagadougou. Selon M. Ouaro, l\u2019organisation des assises nationales de l\u2019\u00e9ducation nationale d\u00e9cid\u00e9e par le gouvernement, le 21 mars 2021 en Conseil des ministres a \u00e9t\u00e9 au centre des \u00e9changes. \u00ab Nous avons pr\u00e9sent\u00e9 la d\u00e9marche et souhait\u00e9 leur implication au regard du r\u00f4le que joue l\u2019Acad\u00e9mie dans le d\u00e9veloppement de l\u2019\u00e9ducation dans notre pays\u00bb, a-t-il indiqu\u00e9.<\/p>\n<p>A l\u2019en croire, l\u2019une des missions de l\u2019Acad\u00e9mie est de contribuer \u00e0 travers la r\u00e9flexion et la proposition de solutions au d\u00e9veloppement du syst\u00e8me \u00e9ducatif. \u00ab C\u2019est pour cela, que nous sommes venus rencontrer l\u2019Acad\u00e9mie, pr\u00e9senter la situation. Notre souhait est de recueillir des membres de l\u2019Acad\u00e9mie, des suggestions, des orientations, des propositions et des amendements sur nos Termes de r\u00e9f\u00e9rence (TDR) afin de nous permettre de mieux organiser ces assises pour le bien-\u00eatre et le d\u00e9veloppement du syst\u00e8me \u00e9ducatif burkinab\u00e8\u00bb, a-t-il ajout\u00e9. Pour ce faire, le ministre Ouaro a sollicit\u00e9 la \u00ab participation active \u00bb des Acad\u00e9miciens aux d\u00e9bats lors de ces assises nationales au regard de la qualit\u00e9 de cette institution et du r\u00f4le qu\u2019elle doit jouer pour le d\u00e9veloppement d\u2019un syst\u00e8me \u00e9ducatif \u00abaccessible, \u00e9quitable et de qualit\u00e9 dans notre pays \u00bb.<\/p>\n<p>Cette d\u00e9marche du MENA-PLN a \u00e9t\u00e9 bien accueillie par les responsables de l\u2019ANSAL-BF. Son pr\u00e9sident, Paco S\u00e9r\u00e9m\u00e9, s\u2019est dit heureux d\u2019avoir re\u00e7u la d\u00e9l\u00e9gation minist\u00e9rielle. Selon lui, le r\u00f4le de l\u2019Acad\u00e9mie d\u2019une mani\u00e8re globale, est d\u2019aider le politique dans la prise de \u00ab bonnes d\u00e9cisions \u00bb bas\u00e9es sur des connaissances scientifiques. \u00abEn fonction des comp\u00e9tences dont l\u2019Acad\u00e9mie dispose et en toute impartialit\u00e9, nous allons donner nos avis et nos conseils au ministre. C\u2019est un devoir pour nous de vraiment l\u2019accompagner sur ce chantier \u00bb, a-t-il soutenu. Organis\u00e9e en coll\u00e8ges, selon M. S\u00e9r\u00e9m\u00e9, l\u2019Acad\u00e9mie apportera ses id\u00e9es pour l\u2019am\u00e9lioration du syst\u00e8me \u00e9ducatif burkinab\u00e8. \u00ab Nous allons nous retourner vers ces coll\u00e8ges qui vont \u00e0 partir des TDR que nous allons avoir, apporter des contributions \u00e0 ces r\u00e9flexions \u00bb, a-t-il pr\u00e9cis\u00e9.<\/p>\n<p class=\"c1\"><strong>Timoth\u00e9e SOME<\/strong><\/p>\n<p class=\"c1\">timothesom@yahoo.fr<\/p>\n<div class=\"td-a-rec td-a-rec-id-content_bottom tdi_33_94d td_block_template_1\">\n<p><img loading=\"lazy\" decoding=\"async\" class=\"aligncenter size-full wp-image-27454\" src=\"https:\/\/www.sidwaya.info\/wp-content\/uploads\/2020\/10\/PUB-Bandeau-paiement-mobile-siteweb.jpg\" alt=\"\" width=\"728\" height=\"90\"\/><\/div>\n<p>Auteur: JK. Sidwaya<br \/>\n<a href=\"https:\/\/www.sidwaya.info\/blog\/2021\/05\/06\/assises-nationales-de-leducation-le-ministre-ouaro-sollicite-les-conseils-de-lacademie-des-sciences\/\">Cliquez ici pour lire l&rsquo;article depuis sa source.<\/a><\/p>\n","protected":false},"excerpt":{"rendered":"<p>L\u2019implication des membres de l\u2019institution dans l\u2019organisation des assises nationales de l\u2019\u00e9ducation a \u00e9t\u00e9 sollicit\u00e9e. Les membres de l\u2019Acad\u00e9mie nationale des sciences, des arts et des lettres du Burkina Faso ont re\u00e7u en audience, le mardi 4 mai 2021, \u00e0 Ouagadougou, le ministre de l\u2019Education nationale, de l\u2019Alphab\u00e9tisation et de la Promotion des Langues nationales, [&hellip;]<\/p>\n","protected":false},"author":1816,"featured_media":0,"comment_status":"closed","ping_status":"closed","sticky":false,"template":"","format":"standard","meta":{"fifu_image_url":"https:\/\/www.sidwaya.info\/wp-content\/uploads\/2021\/05\/conseil-696x499.jpg","fifu_image_alt":"Assises nationales de l\u2019\u00e9ducation : Le ministre Ouaro sollicite les conseils de l\u2019Acad\u00e9mie des sciences","footnotes":""},"categories":[73,81],"tags":[],"class_list":["post-116310","post","type-post","status-publish","format-standard","hentry","category-actualite","category-burkina-faso"],"_links":{"self":[{"href":"https:\/\/linitiative.ca\/International\/wp-json\/wp\/v2\/posts\/116310","targetHints":{"allow":["GET"]}}],"collection":[{"href":"https:\/\/linitiative.ca\/International\/wp-json\/wp\/v2\/posts"}],"about":[{"href":"https:\/\/linitiative.ca\/International\/wp-json\/wp\/v2\/types\/post"}],"author":[{"embeddable":true,"href":"https:\/\/linitiative.ca\/International\/wp-json\/wp\/v2\/users\/1816"}],"replies":[{"embeddable":true,"href":"https:\/\/linitiative.ca\/International\/wp-json\/wp\/v2\/comments?post=116310"}],"version-history":[{"count":0,"href":"https:\/\/linitiative.ca\/International\/wp-json\/wp\/v2\/posts\/116310\/revisions"}],"wp:attachment":[{"href":"https:\/\/linitiative.ca\/International\/wp-json\/wp\/v2\/media?parent=116310"}],"wp:term":[{"taxonomy":"category","embeddable":true,"href":"https:\/\/linitiative.ca\/International\/wp-json\/wp\/v2\/categories?post=116310"},{"taxonomy":"post_tag","embeddable":true,"href":"https:\/\/linitiative.ca\/International\/wp-json\/wp\/v2\/tags?post=116310"}],"curies":[{"name":"wp","href":"https:\/\/api.w.org\/{rel}","templated":true}]}}