{"id":116314,"date":"2021-05-06T13:18:01","date_gmt":"2021-05-06T17:18:01","guid":{"rendered":"https:\/\/linitiative.ca\/International\/le-maroc-rappelle-son-ambassadeur-en-allemagne-pour-consultations\/"},"modified":"2021-05-06T13:18:01","modified_gmt":"2021-05-06T17:18:01","slug":"le-maroc-rappelle-son-ambassadeur-en-allemagne-pour-consultations","status":"publish","type":"post","link":"https:\/\/linitiative.ca\/International\/le-maroc-rappelle-son-ambassadeur-en-allemagne-pour-consultations\/","title":{"rendered":"Le Maroc rappelle son  ambassadeur en Allemagne pour consultations"},"content":{"rendered":"<div readability=\"32\">\n<p>Publi\u00e9 le 06.05.2021 \u00e0 18h18 par APA News<\/p>\n<\/div>\n<div readability=\"70\">\n<p>\u00a0Le Maroc a d\u00e9cid\u00e9 de rappeler son ambassadeur \u00e0 Berlin pour consultations, indique jeudi un communiqu\u00e9 du minist\u00e8re marocain des Affaires \u00e9trang\u00e8res.\u00a0Le rappel du diplomate marocain est justifi\u00e9, selon le minist\u00e8re, par les actes hostiles et les actions attentatoires de l\u2019Allemagne \u00e0 l\u2019\u00e9gard des int\u00e9r\u00eats sup\u00e9rieurs du Royaume.<\/p>\n<p>D\u2019apr\u00e8s le communiqu\u00e9, \u00a0l\u2019Allemagne s\u2019est d\u00e9marqu\u00e9e par une attitude n\u00e9gative sur la question du Sahara. \u00a0Son activisme antagonique, \u00e0 la suite de la Proclamation pr\u00e9sidentielle am\u00e9ricaine reconnaissant la souverainet\u00e9 du Maroc sur son Sahara, est un acte grave qui demeure jusqu\u2019\u00e0 pr\u00e9sent inexpliqu\u00e9.<\/p>\n<p>De m\u00eame, les autorit\u00e9s de ce pays agissent avec complicit\u00e9 \u00e0 l\u2019\u00e9gard d\u2019un ex-condamn\u00e9 pour des actes terroristes, notamment en lui divulguant des renseignements sensibles communiqu\u00e9s par les services de s\u00e9curit\u00e9 marocains \u00e0 leurs homologues allemands, argue le minist\u00e8re.<\/p>\n<p>A cela s\u2019ajoute un acharnement continu \u00e0 combattre le r\u00f4le r\u00e9gional du Maroc, notamment sur le dossier libyen, en tentant d\u2019\u00e9carter, ind\u00fbment, le Royaume de certaines r\u00e9unions r\u00e9gionales consacr\u00e9es \u00e0 ce dossier comme celle tenue \u00e0 Berlin, ajoute la m\u00eame source.<\/p>\n<p>\u00ab\u00a0Pour toutes ces raisons et \u00e0 cause de cette adversit\u00e9 constante et inacceptable, le Royaume du Maroc a d\u00e9cid\u00e9 le rappel, pour consultations, de l\u2019Ambassadeur de Sa Majest\u00e9 le Roi \u00e0 Berlin\u00a0\u00bb, souligne le communiqu\u00e9.\u00a0<\/p>\n<\/div>\n<p>Auteur: APA News<br \/>\n<a href=\"https:\/\/www.journalducameroun.com\/le-maroc-rappelle-son-ambassadeur-en-allemagne-pour-consultations\/\">Cliquez ici pour lire l&rsquo;article depuis sa source.<\/a><\/p>\n","protected":false},"excerpt":{"rendered":"<p>Publi\u00e9 le 06.05.2021 \u00e0 18h18 par APA News \u00a0Le Maroc a d\u00e9cid\u00e9 de rappeler son ambassadeur \u00e0 Berlin pour consultations, indique jeudi un communiqu\u00e9 du minist\u00e8re marocain des Affaires \u00e9trang\u00e8res.\u00a0Le rappel du diplomate marocain est justifi\u00e9, selon le minist\u00e8re, par les actes hostiles et les actions attentatoires de l\u2019Allemagne \u00e0 l\u2019\u00e9gard des int\u00e9r\u00eats sup\u00e9rieurs du [&hellip;]<\/p>\n","protected":false},"author":1965,"featured_media":0,"comment_status":"closed","ping_status":"closed","sticky":false,"template":"","format":"standard","meta":{"fifu_image_url":"","fifu_image_alt":"","footnotes":""},"categories":[73,82],"tags":[],"class_list":["post-116314","post","type-post","status-publish","format-standard","hentry","category-actualite","category-cameroun"],"_links":{"self":[{"href":"https:\/\/linitiative.ca\/International\/wp-json\/wp\/v2\/posts\/116314","targetHints":{"allow":["GET"]}}],"collection":[{"href":"https:\/\/linitiative.ca\/International\/wp-json\/wp\/v2\/posts"}],"about":[{"href":"https:\/\/linitiative.ca\/International\/wp-json\/wp\/v2\/types\/post"}],"author":[{"embeddable":true,"href":"https:\/\/linitiative.ca\/International\/wp-json\/wp\/v2\/users\/1965"}],"replies":[{"embeddable":true,"href":"https:\/\/linitiative.ca\/International\/wp-json\/wp\/v2\/comments?post=116314"}],"version-history":[{"count":0,"href":"https:\/\/linitiative.ca\/International\/wp-json\/wp\/v2\/posts\/116314\/revisions"}],"wp:attachment":[{"href":"https:\/\/linitiative.ca\/International\/wp-json\/wp\/v2\/media?parent=116314"}],"wp:term":[{"taxonomy":"category","embeddable":true,"href":"https:\/\/linitiative.ca\/International\/wp-json\/wp\/v2\/categories?post=116314"},{"taxonomy":"post_tag","embeddable":true,"href":"https:\/\/linitiative.ca\/International\/wp-json\/wp\/v2\/tags?post=116314"}],"curies":[{"name":"wp","href":"https:\/\/api.w.org\/{rel}","templated":true}]}}