{"id":116317,"date":"2021-05-06T14:18:02","date_gmt":"2021-05-06T18:18:02","guid":{"rendered":"https:\/\/linitiative.ca\/International\/paul-kagame-recoit-un-envoye-special-du-tchad\/"},"modified":"2021-05-06T14:18:02","modified_gmt":"2021-05-06T18:18:02","slug":"paul-kagame-recoit-un-envoye-special-du-tchad","status":"publish","type":"post","link":"https:\/\/linitiative.ca\/International\/paul-kagame-recoit-un-envoye-special-du-tchad\/","title":{"rendered":"Paul Kagame re\u00e7oit un Envoy\u00e9 sp\u00e9cial du Tchad"},"content":{"rendered":"<div readability=\"32\">\n<p>Publi\u00e9 le 06.05.2021 \u00e0 19h18 par APA News<\/p>\n<\/div>\n<div readability=\"65\">\n<p>Le pr\u00e9sident rwandais, Paul Kagame, a re\u00e7u ce jeudi le fils de l\u2019ancien pr\u00e9sident tchadien et directeur de cabinet adjoint \u00e0 la Pr\u00e9sidence, Abdelkerim D\u00e9by.M. D\u00e9by est au Rwanda pour une s\u00e9rie de r\u00e9unions, notamment avec le chef des services de renseignement, le g\u00e9n\u00e9ral de division Joseph Nzabamwita, et le ministre rwandais des Affaires \u00e9trang\u00e8res, Vincent Biruta.<\/p>\n<p>Les deux parties ont discut\u00e9 de la \u00ab coop\u00e9ration bilat\u00e9rale en mati\u00e8re de renseignement, de s\u00e9curit\u00e9 et d\u2019\u00e9conomie \u00bb.<\/p>\n<p>L\u2019ex pr\u00e9sident tchadien, Idriss D\u00e9by, a \u00e9t\u00e9 tu\u00e9 le mois dernier alors qu\u2019il dirigeait une offensive contre le groupe arm\u00e9 FACT, qui \u00e9tait entr\u00e9 au Tchad par le sud de la Libye.<\/p>\n<p>L\u2019actuel chef d\u2019\u00c9tat tchadien par int\u00e9rim, le g\u00e9n\u00e9ral Mahamat Idriss Deby Itno, qui est \u00e9galement son fils, s\u2019est entour\u00e9 de quatorze autres g\u00e9n\u00e9raux pour composer le Conseil Militaire de Transition (CMT).<\/p>\n<p>Les forces rebelles, responsables de la mort de D\u00e9by, ont \u00e9galement promis de poursuivre leur offensive, rejetant cat\u00e9goriquement l\u2019accord de transition.<\/p>\n<\/div>\n<p>Auteur: APA News<br \/>\n<a href=\"https:\/\/www.journalducameroun.com\/paul-kagame-recoit-un-envoye-special-du-tchad\/\">Cliquez ici pour lire l&rsquo;article depuis sa source.<\/a><\/p>\n","protected":false},"excerpt":{"rendered":"<p>Publi\u00e9 le 06.05.2021 \u00e0 19h18 par APA News Le pr\u00e9sident rwandais, Paul Kagame, a re\u00e7u ce jeudi le fils de l\u2019ancien pr\u00e9sident tchadien et directeur de cabinet adjoint \u00e0 la Pr\u00e9sidence, Abdelkerim D\u00e9by.M. D\u00e9by est au Rwanda pour une s\u00e9rie de r\u00e9unions, notamment avec le chef des services de renseignement, le g\u00e9n\u00e9ral de division Joseph [&hellip;]<\/p>\n","protected":false},"author":1965,"featured_media":0,"comment_status":"closed","ping_status":"closed","sticky":false,"template":"","format":"standard","meta":{"fifu_image_url":"","fifu_image_alt":"","footnotes":""},"categories":[73,82],"tags":[],"class_list":["post-116317","post","type-post","status-publish","format-standard","hentry","category-actualite","category-cameroun"],"_links":{"self":[{"href":"https:\/\/linitiative.ca\/International\/wp-json\/wp\/v2\/posts\/116317","targetHints":{"allow":["GET"]}}],"collection":[{"href":"https:\/\/linitiative.ca\/International\/wp-json\/wp\/v2\/posts"}],"about":[{"href":"https:\/\/linitiative.ca\/International\/wp-json\/wp\/v2\/types\/post"}],"author":[{"embeddable":true,"href":"https:\/\/linitiative.ca\/International\/wp-json\/wp\/v2\/users\/1965"}],"replies":[{"embeddable":true,"href":"https:\/\/linitiative.ca\/International\/wp-json\/wp\/v2\/comments?post=116317"}],"version-history":[{"count":0,"href":"https:\/\/linitiative.ca\/International\/wp-json\/wp\/v2\/posts\/116317\/revisions"}],"wp:attachment":[{"href":"https:\/\/linitiative.ca\/International\/wp-json\/wp\/v2\/media?parent=116317"}],"wp:term":[{"taxonomy":"category","embeddable":true,"href":"https:\/\/linitiative.ca\/International\/wp-json\/wp\/v2\/categories?post=116317"},{"taxonomy":"post_tag","embeddable":true,"href":"https:\/\/linitiative.ca\/International\/wp-json\/wp\/v2\/tags?post=116317"}],"curies":[{"name":"wp","href":"https:\/\/api.w.org\/{rel}","templated":true}]}}