{"id":116319,"date":"2021-05-06T12:57:02","date_gmt":"2021-05-06T16:57:02","guid":{"rendered":"https:\/\/linitiative.ca\/International\/eneo-denombre-10-500-nouveaux-branchements-au-mois-de-mars-2021\/"},"modified":"2021-05-06T12:57:02","modified_gmt":"2021-05-06T16:57:02","slug":"eneo-denombre-10-500-nouveaux-branchements-au-mois-de-mars-2021","status":"publish","type":"post","link":"https:\/\/linitiative.ca\/International\/eneo-denombre-10-500-nouveaux-branchements-au-mois-de-mars-2021\/","title":{"rendered":"Eneo d\u00e9nombre 10 500 nouveaux branchements au mois de mars 2021"},"content":{"rendered":"<p>L\u2019entreprise Energy of Cameroon (Eneo) a d\u00e9marr\u00e9 l\u2019ann\u00e9e 2021 avec satisfaction sur certains segments de ses activit\u00e9s. Son directeur g\u00e9n\u00e9ral, le Fran\u00e7ais Eric Mansuy, l\u2019a fait savoir le 1er mai dernier dans un message adress\u00e9 \u00e0 son personnel \u00e0 l\u2019occasion de la c\u00e9l\u00e9bration de la 135e journ\u00e9e internationale du Travail. Il a rendu public quelques donn\u00e9es li\u00e9es aux performances de l\u2019entreprise au cours du premier trimestre 2021, laquelle a atteint la plupart des objectifs qu\u2019elle s\u2019\u00e9tait fix\u00e9s durant les trois premiers mois de l\u2019ann\u00e9e, avec des pics enregistr\u00e9s au mois de mars dernier. Il ressort que l\u2019entreprise a proc\u00e9d\u00e9 \u00e0 10.500 branchements neufs sur cette p\u00e9riode, et a largement atteint ses pr\u00e9visions de branchements sur cette p\u00e9riode \u00e0 85% ; elle a \u00e9galement proc\u00e9d\u00e9 au remplacement de 6000 poteaux \u00e9lectriques en janvier et mars derniers, ce qui repr\u00e9sente quasiment la moyenne de poteaux remplac\u00e9s sur tout le premier semestre 2020, qui \u00e9tait alors de 6252 poteaux.<\/p>\n<p><strong>Lire aussi<\/strong> : <strong><a href=\"https:\/\/ecomatin.net\/eneo-globeleq-les-details-sur-la-cession-des-creancess-de-826-milliards-a-bgfi\/\">Eneo\/Globeleq : les d\u00e9tails sur la cession des cr\u00e9ances de 82,6 milliards \u00e0 BGFI<\/a><\/strong><\/p>\n<p>En ce d\u00e9but d\u2019ann\u00e9e, Eneo se f\u00e9licite par ailleurs d\u2019un rendement de distribution de 74,10% et indique qu\u2019il a \u00e9t\u00e9 atteint avec 2 points en plus sur le rendement escompt\u00e9. Cependant, la soci\u00e9t\u00e9 ne donne pas de pr\u00e9cisions en valeur mon\u00e9taire de ce rendement. Dans la foul\u00e9e, le concessionnaire du service public de la distribution de l\u2019\u00e9nergie \u00e9lectrique au Cameroun ajoute que 450 000 paiements ont \u00e9t\u00e9 effectu\u00e9s via ses partenaires agr\u00e9\u00e9s, soit 29% de plus que l\u2019ann\u00e9e derni\u00e8re. Eneo annonce par ailleurs qu\u2019elle va bient\u00f4t franchir le cap de 100 000 compteurs pr\u00e9pay\u00e9s pos\u00e9s.<\/p>\n<p><strong>Fourniture d\u00e9fectueuse<\/strong><\/p>\n<p>La structure d\u00e9tenue \u00e0 56% d\u2019actions par le britannique Actis d\u00e9plore cependant de n\u2019avoir pas assur\u00e9 la fourniture de l\u2019\u00e9nergie comme escompt\u00e9 durant les trois premiers mois de l\u2019ann\u00e9e en cours. Une situation qui n\u2019est pas inh\u00e9rente qu\u2019\u00e0 elle seule. \u00ab La qualit\u00e9 de service technique ne s\u2019est pas am\u00e9lior\u00e9e comme nous l\u2019aurions souhait\u00e9 au cours du premier trimestre 2021, du fait d\u2019une combinaison de facteurs internes et externes. De la succession des incidents sur nos r\u00e9seaux et ceux de Sonatrel aux nombreux actes de vandalisme, en passant par des graves probl\u00e8mes d\u2019hydrologie dans le Grand Nord \u00bb, explique Eric Mansuy.<\/p>\n<p><strong>Lire aussi<\/strong> : <strong><a href=\"https:\/\/ecomatin.net\/energie-electrique-eneo-cede-ses-actifss-de-production-a-sa-filiale-eneo-genco\/\">Energie \u00e9lectrique : Eneo c\u00e8de ses actifs de production \u00e0 sa filiale Eneo-Genco<\/a><\/strong><\/p>\n<p>A titre d\u2019illustration, dans une note d\u2019information en mars dernier, l\u2019entreprise indiquait qu\u2019elle a perdu pr\u00e8s de 200 poteaux entre janvier et f\u00e9vrier 2021 sous l\u2019effet des feux de brousse, et que cette situation a s\u00e9rieusement perturb\u00e9 la fourniture d\u2019\u00e9lectricit\u00e9 dans de nombreuses localit\u00e9s camerounaises sur plusieurs jours. \u00ab Face \u00e0 cette situation, la poursuite acc\u00e9l\u00e9r\u00e9e de nos projets d\u2019investissement, boost\u00e9s notamment par la lev\u00e9e de 100 milliards de francs CFA sur le march\u00e9 bancaire local, nous permet de croire plus que jamais \u00e0 l\u2019am\u00e9lioration \u00e0 venir \u00bb, rench\u00e9rit le Dg d\u2019Eneo.<\/p>\n<p>Auteur: Yannick KENNE<br \/>\n<a href=\"https:\/\/ecomatin.net\/eneo-denombre-10-500-nouveaux-branchement-en-2021\/\">Cliquez ici pour lire l&rsquo;article depuis sa source.<\/a><\/p>\n","protected":false},"excerpt":{"rendered":"<p>L\u2019entreprise Energy of Cameroon (Eneo) a d\u00e9marr\u00e9 l\u2019ann\u00e9e 2021 avec satisfaction sur certains segments de ses activit\u00e9s. Son directeur g\u00e9n\u00e9ral, le Fran\u00e7ais Eric Mansuy, l\u2019a fait savoir le 1er mai dernier dans un message adress\u00e9 \u00e0 son personnel \u00e0 l\u2019occasion de la c\u00e9l\u00e9bration de la 135e journ\u00e9e internationale du Travail. Il a rendu public quelques [&hellip;]<\/p>\n","protected":false},"author":1969,"featured_media":0,"comment_status":"closed","ping_status":"closed","sticky":false,"template":"","format":"standard","meta":{"fifu_image_url":"","fifu_image_alt":"","footnotes":""},"categories":[82,78],"tags":[],"class_list":["post-116319","post","type-post","status-publish","format-standard","hentry","category-cameroun","category-economie"],"_links":{"self":[{"href":"https:\/\/linitiative.ca\/International\/wp-json\/wp\/v2\/posts\/116319","targetHints":{"allow":["GET"]}}],"collection":[{"href":"https:\/\/linitiative.ca\/International\/wp-json\/wp\/v2\/posts"}],"about":[{"href":"https:\/\/linitiative.ca\/International\/wp-json\/wp\/v2\/types\/post"}],"author":[{"embeddable":true,"href":"https:\/\/linitiative.ca\/International\/wp-json\/wp\/v2\/users\/1969"}],"replies":[{"embeddable":true,"href":"https:\/\/linitiative.ca\/International\/wp-json\/wp\/v2\/comments?post=116319"}],"version-history":[{"count":0,"href":"https:\/\/linitiative.ca\/International\/wp-json\/wp\/v2\/posts\/116319\/revisions"}],"wp:attachment":[{"href":"https:\/\/linitiative.ca\/International\/wp-json\/wp\/v2\/media?parent=116319"}],"wp:term":[{"taxonomy":"category","embeddable":true,"href":"https:\/\/linitiative.ca\/International\/wp-json\/wp\/v2\/categories?post=116319"},{"taxonomy":"post_tag","embeddable":true,"href":"https:\/\/linitiative.ca\/International\/wp-json\/wp\/v2\/tags?post=116319"}],"curies":[{"name":"wp","href":"https:\/\/api.w.org\/{rel}","templated":true}]}}