{"id":116323,"date":"2021-05-06T15:00:47","date_gmt":"2021-05-06T19:00:47","guid":{"rendered":"https:\/\/linitiative.ca\/International\/cooperation-la-coree-sinteresse-au-secteur-energetique-camerounais\/"},"modified":"2021-05-06T15:00:47","modified_gmt":"2021-05-06T19:00:47","slug":"cooperation-la-coree-sinteresse-au-secteur-energetique-camerounais","status":"publish","type":"post","link":"https:\/\/linitiative.ca\/International\/cooperation-la-coree-sinteresse-au-secteur-energetique-camerounais\/","title":{"rendered":"Coop\u00e9ration : la Cor\u00e9e s\u2019int\u00e9resse au secteur \u00e9nerg\u00e9tique camerounais"},"content":{"rendered":"<p>Le ministre de l\u2019Economie de la planification et de l\u2019am\u00e9nagement du territoire, Alamine Ousmane Mey et l\u2019Ambassadeur de la R\u00e9publique de Cor\u00e9e au Cameroun, son Excellence Jonghan Kim, ont co-pr\u00e9sid\u00e9 le 5 mai 2021, la 10e \u00e9dition du forum de coop\u00e9ration \u00e9conomique et \u00e9nerg\u00e9tique Cor\u00e9e-Cameroun. Cette rencontre tenue \u00e0 Yaound\u00e9 avait pour objectifs de faciliter l\u2019appropriation du potentiel \u00e9nerg\u00e9tique du Cameroun par les investisseurs cor\u00e9ens; pr\u00e9senter les besoins r\u00e9els de l\u2019\u00e9conomie dans le domaine de l\u2019\u00e9nergie et construire des partenariats entre les entreprises cor\u00e9ennes et camerounaises. \u00a0<\/p>\n<p><strong>Lire aussi :<\/strong> <strong><a href=\"https:\/\/ecomatin.net\/lutte-contre-la-covid-19-la-coree-du-sud-offre-58-millions-au-cameroun\/\">Lutte contre la covid-19 : la Cor\u00e9e du Sud offre 58 millions au Cameroun<\/a><\/strong><\/p>\n<p>Pour Jonghan Kim, ce forum qui c\u00e9l\u00e9brait son 10e anniversaire, a permis de \u00ab mieux comprendre les deux \u00e9conomies de nos deux pays et identifier les domaines \u00e0 haute probabilit\u00e9 de coop\u00e9ration \u00bb. Le choix du secteur de l\u2019\u00e9lectricit\u00e9 s\u2019explique \u00ab parce que l\u2019\u00e9nergie est d\u2019abord un des piliers majeurs qui constitue notre strat\u00e9gie de d\u00e9veloppement, visant la transformation structurelle de l\u2019Economie et le d\u00e9veloppement inclusif. Sans \u00e9nergie, il est difficile d\u2019atteindre l\u2019industrialisation, l\u2019int\u00e9gration de la cha\u00eene de valeur \u00bb, selon Alamine Ousmane Mey. \u00a0<\/p>\n<p>Plusieurs entreprises cor\u00e9ennes, sp\u00e9cialis\u00e9es dans ce secteur, ont pris part aux travaux. Il s\u2019agit notamment de la Kotra, l\u2019Agence de promotion du commerce ext\u00e9rieur et des investissements, Korea Midland Power, soci\u00e9t\u00e9 publique charg\u00e9e de l\u2019ex\u00e9cution des politiques d\u2019\u00e9lectricit\u00e9 du gouvernement cor\u00e9en et de Daewoo E&amp;C. \u00ab Voil\u00e0 pourquoi les entreprises du c\u00f4t\u00e9 de la Cor\u00e9e sont en grande partie de ce secteur-l\u00e0\u00a0; pour pouvoir, en relation avec les partenaires camerounais, r\u00e9alis\u00e9s des investissements qui pourraient nous permettre de passer de 1650 MW d\u2019offre \u00e9nerg\u00e9tique en 2019 \u00e0 5000 MW \u00e0 l\u2019horizon 2030\u00a0\u00bb, souligne le Minepat. Mais il ne s\u2019agit pas seulement de la production, il s\u2019agit aussi des transports, de la distribution. Autant d\u2019axes de ce secteur-l\u00e0 qui, pour le gouvernement, \u00ab\u00a0vont n\u00e9cessiter une intervention forte du secteur priv\u00e9 en mati\u00e8re du PPP, en mati\u00e8re d\u2019investissements directs \u00e9trangers, pour le Cameroun en vue de continuer la marche vers l\u2019\u00e9mergence \u00e0 l\u2019horizon 2035 \u00bb, rench\u00e9rit Alamine Ousmane Mey. \u00a0<\/p>\n<p><strong>Lire aussi<\/strong> : <strong><a href=\"https:\/\/ecomatin.net\/la-coree-du-sud-va-offrir-du-materiel-medical-dune-valeur-de-180-millions-de-f-au-cameroun\/\">La Cor\u00e9e du Sud va offrir du mat\u00e9riel m\u00e9dical d\u2019une valeur de 180 millions de F au Cameroun<\/a><\/strong><\/p>\n<p><strong>60 ans de coop\u00e9ration \u00a0<\/strong><\/p>\n<p>C\u2019est depuis 1961 que les relations diplomatiques sont \u00e9tablies entre le Cameroun et la Cor\u00e9e. Plusieurs r\u00e9alisations cor\u00e9ennes en territoire camerounais t\u00e9moignent des fruits de cette coop\u00e9ration, notamment la construction des centres de formation professionnelle \u00e0 Douala, Limbe, Sangmelima pour la formation des apprenants ; la construction du Centre des urgences de Yaound\u00e9 (Cury) ; la construction de l\u2019h\u00f4pital de r\u00e9f\u00e9rence de Garoua, qui devrait \u00eatre achev\u00e9 cette ann\u00e9e. A cela s\u2019ajoute le syst\u00e8me modernis\u00e9 de d\u00e9douanement Campass, inspir\u00e9 du mod\u00e8le cor\u00e9en Unipass, d\u00e9ploy\u00e9 l\u2019ann\u00e9e derni\u00e8re ; le projet d\u2019\u00e9laboration d\u2019un sch\u00e9ma directeur de d\u00e9veloppement de l\u2019\u00e9nergie renouvelable au Cameroun, l\u2019infrastructure nationale \u00e0 cl\u00e9 publique (KPI).<\/p>\n<p><strong>Lire aussi :<\/strong> <strong><a href=\"https:\/\/ecomatin.net\/dette-publique-le-cameroun-endette-aupres-de-37-creanciers-etrangers\/\">Dette publique : le Cameroun endett\u00e9 aupr\u00e8s de 37 cr\u00e9anciers \u00e9trangers<\/a><\/strong><\/p>\n<p>Auteur: Cindy MBALA<br \/>\n<a href=\"https:\/\/ecomatin.net\/cooperation-la-coree-sinteresse-au-secteur-energetique-camerounais\/\">Cliquez ici pour lire l&rsquo;article depuis sa source.<\/a><\/p>\n","protected":false},"excerpt":{"rendered":"<p>Le ministre de l\u2019Economie de la planification et de l\u2019am\u00e9nagement du territoire, Alamine Ousmane Mey et l\u2019Ambassadeur de la R\u00e9publique de Cor\u00e9e au Cameroun, son Excellence Jonghan Kim, ont co-pr\u00e9sid\u00e9 le 5 mai 2021, la 10e \u00e9dition du forum de coop\u00e9ration \u00e9conomique et \u00e9nerg\u00e9tique Cor\u00e9e-Cameroun. Cette rencontre tenue \u00e0 Yaound\u00e9 avait pour objectifs de faciliter [&hellip;]<\/p>\n","protected":false},"author":1969,"featured_media":0,"comment_status":"closed","ping_status":"closed","sticky":false,"template":"","format":"standard","meta":{"fifu_image_url":"","fifu_image_alt":"","footnotes":""},"categories":[82,78],"tags":[],"class_list":["post-116323","post","type-post","status-publish","format-standard","hentry","category-cameroun","category-economie"],"_links":{"self":[{"href":"https:\/\/linitiative.ca\/International\/wp-json\/wp\/v2\/posts\/116323","targetHints":{"allow":["GET"]}}],"collection":[{"href":"https:\/\/linitiative.ca\/International\/wp-json\/wp\/v2\/posts"}],"about":[{"href":"https:\/\/linitiative.ca\/International\/wp-json\/wp\/v2\/types\/post"}],"author":[{"embeddable":true,"href":"https:\/\/linitiative.ca\/International\/wp-json\/wp\/v2\/users\/1969"}],"replies":[{"embeddable":true,"href":"https:\/\/linitiative.ca\/International\/wp-json\/wp\/v2\/comments?post=116323"}],"version-history":[{"count":0,"href":"https:\/\/linitiative.ca\/International\/wp-json\/wp\/v2\/posts\/116323\/revisions"}],"wp:attachment":[{"href":"https:\/\/linitiative.ca\/International\/wp-json\/wp\/v2\/media?parent=116323"}],"wp:term":[{"taxonomy":"category","embeddable":true,"href":"https:\/\/linitiative.ca\/International\/wp-json\/wp\/v2\/categories?post=116323"},{"taxonomy":"post_tag","embeddable":true,"href":"https:\/\/linitiative.ca\/International\/wp-json\/wp\/v2\/tags?post=116323"}],"curies":[{"name":"wp","href":"https:\/\/api.w.org\/{rel}","templated":true}]}}