{"id":116325,"date":"2021-05-07T09:38:39","date_gmt":"2021-05-07T13:38:39","guid":{"rendered":"https:\/\/linitiative.ca\/International\/face-aux-risques-emergents-sante-et-securite-au-travail-des-systemes-plus-resilients-simposent\/"},"modified":"2021-05-07T09:38:39","modified_gmt":"2021-05-07T13:38:39","slug":"face-aux-risques-emergents-sante-et-securite-au-travail-des-systemes-plus-resilients-simposent","status":"publish","type":"post","link":"https:\/\/linitiative.ca\/International\/face-aux-risques-emergents-sante-et-securite-au-travail-des-systemes-plus-resilients-simposent\/","title":{"rendered":"Face aux risques \u00e9mergents \/ Sant\u00e9 et s\u00e9curit\u00e9 au travail : Des syst\u00e8mes  plus r\u00e9silients s\u2019imposent"},"content":{"rendered":"<figure class=\"post-thumbnail\" itemprop=\"associatedMedia\" itemscope=\"itemscope\" itemtype=\"http:\/\/schema.org\/ImageObject\"><img decoding=\"async\" class=\"post_layout_5_img\" src=\"http:\/\/aujourdhui.ma\/wp-content\/uploads\/2021\/05\/securite-entreprise_0-2.jpg\" alt=\"Face aux risques \u00e9mergents \/ Sant\u00e9 et s\u00e9curit\u00e9 au travail : Des syst\u00e8mes plus r\u00e9silients s\u2019imposent\"\/><\/figure>\n<p><span class=\"c7\"><strong>L\u2019adoption de pratiques s\u00e9curitaires sur les lieux de travail est un d\u00e9fi majeur \u00e0 l\u2019heure de la Covid-19.<\/strong><\/span><span id=\"more-375881\"\/><\/p>\n<p>Face \u00e0 l\u2019inqui\u00e9tude sur la capacit\u00e9 de g\u00e9rer les risques d\u2019infections, les entreprises se trouvent actuellement dans l\u2019obligation d\u2019\u00e9riger la sant\u00e9 et la s\u00e9curit\u00e9 de ses travailleurs en premi\u00e8re priorit\u00e9. Cela concerne aussi les risques psychosociaux et ergo\u00e9conomiques. C\u2019est dans ce sens que s\u2019est tenue la 15\u00e8me \u00e9dition du Forum national de la sant\u00e9 et s\u00e9curit\u00e9 au travail qui s\u2019est d\u00e9roul\u00e9e le 4 mai 2021, et ce en marge de la journ\u00e9e mondiale de la s\u00e9curit\u00e9 du travail c\u00e9l\u00e9br\u00e9e chaque ann\u00e9e le 28 avril. Cette rencontre \u00e0 distance a \u00e9t\u00e9 organis\u00e9e par le Groupement interprofessionnel de Pr\u00e9vention et de S\u00e9curit\u00e9 Industrielle (GIPSI) sous l\u2019\u00e9gide du minist\u00e8re de la sant\u00e9 et du minist\u00e8re du travail et de l\u2019insertion professionnelle. Cette \u00e9dition s\u2019est focalis\u00e9e sur le th\u00e8me \u00abAnticiper, se pr\u00e9parer et r\u00e9pondre aux crises-investir maintenant dans les syst\u00e8mes de s\u00e9curit\u00e9 et sant\u00e9 au travail (SST) r\u00e9silients\u00bb.<\/p>\n<p><span class=\"c8\"><strong>Ma\u00eetriser les risques<\/strong><\/span><\/p>\n<p>L\u2019irruption de la Covid-19 a boulevers\u00e9 l\u2019organisation du travail dans une grande partie des pays dans le monde. \u00abNous pensons que cette pand\u00e9mie changera de fa\u00e7on radicale notre appr\u00e9ciation des risques et notre mani\u00e8re d\u2019appr\u00e9hender la gestion des risques de mani\u00e8re g\u00e9n\u00e9rale. Aujourd\u2019hui, nous avons constat\u00e9 un ralentissement, voire parfois un arr\u00eat des activit\u00e9s des entreprises avec des cons\u00e9quences graves en amont et aval sur leur cha\u00eene de valeur. Ce qui illustre combien les entreprises sont des structures vuln\u00e9rables face \u00e0 des crises de ce genre et souligne encore plus la n\u00e9cessit\u00e9 pour ces organisations de mieux ma\u00eetriser les risques li\u00e9s \u00e0 leurs cha\u00eenes de valeur. Ceci ne peut \u00eatre possible qu\u2019\u00e0 travers la mise en place au sein de ces entreprises d\u2019un processus organis\u00e9 structur\u00e9 de gestion globale des risques qui int\u00e8gre l\u2019ensemble de leur \u00e9cosyst\u00e8me, \u00e0 savoir leurs fournisseurs, leurs clients, leurs riverains et les institutionnels avec lesquels ils interagissent\u00bb, explique Mohamed Fikrat, pr\u00e9sident du Groupement interprofessionnel de pr\u00e9vention et de s\u00e9curit\u00e9 industrielle.<\/p>\n<p><strong><span class=\"c8\">Vers une politique nationale dans le domaine<\/span><\/strong><\/p>\n<p>Pour Abdelilah Boutaleb, secr\u00e9taire g\u00e9n\u00e9ral du ministre de la sant\u00e9, \u00abla promulgation de la loi sur la sant\u00e9 et la s\u00e9curit\u00e9 au travail et son extension au secteur public est une opportunit\u00e9 qui s\u2019offre aux acteurs de la pr\u00e9vention dans notre pays pour \u00e9laborer une politique nationale et des programmes d\u2019actions dans ce domaine\u00bb. Au cours de cet \u00e9change le secr\u00e9taire g\u00e9n\u00e9ral du minist\u00e8re de la sant\u00e9 est revenu sur l\u2019impact de la Covid-19 sur les travailleurs dans le monde et les mesures prises par le Maroc dans ce sens. \u00abLa conjoncture actuelle a mis en exergue la n\u00e9cessit\u00e9 de renforcer, r\u00e9adapter et surtout innover dans nos r\u00e9ponses et ripostes par rapport aux dangers \u00e9mergents qui menacent la sant\u00e9 et la s\u00e9curit\u00e9 au travail\u00bb. Et de pr\u00e9ciser : \u00abLes cons\u00e9quences de cette pand\u00e9mie ont aussi touch\u00e9 des aspects sp\u00e9cifiques au monde du travail tels que le stress et les effets sanitaires n\u00e9fastes en rapport avec la s\u00e9curit\u00e9 sur les lieux de travail\u00bb. Outre l\u2019accompagnement aux professionnels de sant\u00e9, le minist\u00e8re a accompagn\u00e9 durant cette p\u00e9riode les autres secteurs d\u2019activit\u00e9s pour la pr\u00e9vention de la Covid-19, a rappel\u00e9 le responsable.<\/p>\n<p><strong><span class=\"c8\">Couverture des maladies professionnelles : Une \u00e9tude en cours de pr\u00e9paration<\/span><\/strong><\/p>\n<p>Actuellement, une \u00e9tude est men\u00e9e par le minist\u00e8re du travail et de l\u2019insertion professionnelle et l\u2019ACAPS pour cerner la question des maladies professionnelles, a r\u00e9v\u00e9l\u00e9 Nourredine Ben Khalil, SG du minist\u00e8re du travail et de l\u2019insertion professionnelle. Il s\u2019agit d\u2019assurer la couverture li\u00e9e aux maladies professionnelles au m\u00eame titre que les accidents de travail. Parall\u00e8lement, la loi-cadre sur la sant\u00e9 et la s\u00e9curit\u00e9 au travail est dans le circuit l\u00e9gislatif au niveau du Secr\u00e9tariat g\u00e9n\u00e9rale du gouvernement. Celle-ci englobe aussi bien le secteur priv\u00e9 que le secteur public. Ce texte sera d\u00e9clin\u00e9 par la suite en une loi sp\u00e9cifique pour le secteur priv\u00e9 et une loi sp\u00e9cifique pour le secteur public. Afin de compl\u00e9ter ce dispositif la formation et l\u2019expertise sont n\u00e9cessaires. Ils constituent un maillon fort pour assurer la r\u00e9silience d\u2019un syst\u00e8me de s\u00e9curit\u00e9 et de sant\u00e9. \u00abLes diff\u00e9rents op\u00e9rateurs se sont engag\u00e9s \u00e0 renforcer le dispositif de formation. L\u2019objectif est de former suffisamment de m\u00e9decins de travail, d\u2019infirmiers de travail, d\u2019ing\u00e9nieurs et de techniciens sp\u00e9cialis\u00e9s en s\u00e9curit\u00e9 de travail\u00bb, explique le SG du minist\u00e8re du travail.<\/p>\n<p>Auteur: Ouchagour Leila<br \/>\n<a href=\"https:\/\/aujourdhui.ma\/societe\/face-aux-risques-emergents-sante-et-securite-au-travail-des-systemes-plus-resilients-simposent\">Cliquez ici pour lire l&rsquo;article depuis sa source.<\/a><\/p>\n","protected":false},"excerpt":{"rendered":"<p>L\u2019adoption de pratiques s\u00e9curitaires sur les lieux de travail est un d\u00e9fi majeur \u00e0 l\u2019heure de la Covid-19. Face \u00e0 l\u2019inqui\u00e9tude sur la capacit\u00e9 de g\u00e9rer les risques d\u2019infections, les entreprises se trouvent actuellement dans l\u2019obligation d\u2019\u00e9riger la sant\u00e9 et la s\u00e9curit\u00e9 de ses travailleurs en premi\u00e8re priorit\u00e9. Cela concerne aussi les risques psychosociaux et [&hellip;]<\/p>\n","protected":false},"author":1759,"featured_media":0,"comment_status":"closed","ping_status":"closed","sticky":false,"template":"","format":"standard","meta":{"fifu_image_url":"http:\/\/aujourdhui.ma\/wp-content\/uploads\/2021\/05\/securite-entreprise_0-2.jpg","fifu_image_alt":"Face aux risques \u00e9mergents \/ Sant\u00e9 et s\u00e9curit\u00e9 au travail : Des syst\u00e8mes  plus r\u00e9silients s\u2019imposent","footnotes":""},"categories":[73,54],"tags":[],"class_list":["post-116325","post","type-post","status-publish","format-standard","hentry","category-actualite","category-maroc"],"_links":{"self":[{"href":"https:\/\/linitiative.ca\/International\/wp-json\/wp\/v2\/posts\/116325","targetHints":{"allow":["GET"]}}],"collection":[{"href":"https:\/\/linitiative.ca\/International\/wp-json\/wp\/v2\/posts"}],"about":[{"href":"https:\/\/linitiative.ca\/International\/wp-json\/wp\/v2\/types\/post"}],"author":[{"embeddable":true,"href":"https:\/\/linitiative.ca\/International\/wp-json\/wp\/v2\/users\/1759"}],"replies":[{"embeddable":true,"href":"https:\/\/linitiative.ca\/International\/wp-json\/wp\/v2\/comments?post=116325"}],"version-history":[{"count":0,"href":"https:\/\/linitiative.ca\/International\/wp-json\/wp\/v2\/posts\/116325\/revisions"}],"wp:attachment":[{"href":"https:\/\/linitiative.ca\/International\/wp-json\/wp\/v2\/media?parent=116325"}],"wp:term":[{"taxonomy":"category","embeddable":true,"href":"https:\/\/linitiative.ca\/International\/wp-json\/wp\/v2\/categories?post=116325"},{"taxonomy":"post_tag","embeddable":true,"href":"https:\/\/linitiative.ca\/International\/wp-json\/wp\/v2\/tags?post=116325"}],"curies":[{"name":"wp","href":"https:\/\/api.w.org\/{rel}","templated":true}]}}