{"id":116327,"date":"2021-05-07T11:15:00","date_gmt":"2021-05-07T15:15:00","guid":{"rendered":"https:\/\/linitiative.ca\/International\/casablanca-24-ans-de-reclusion-criminelle-contre-un-trio-de-malfaiteurs\/"},"modified":"2021-05-07T11:15:00","modified_gmt":"2021-05-07T15:15:00","slug":"casablanca-24-ans-de-reclusion-criminelle-contre-un-trio-de-malfaiteurs","status":"publish","type":"post","link":"https:\/\/linitiative.ca\/International\/casablanca-24-ans-de-reclusion-criminelle-contre-un-trio-de-malfaiteurs\/","title":{"rendered":"Casablanca : 24 ans de r\u00e9clusion  criminelle contre un trio de malfaiteurs"},"content":{"rendered":"<header>\n<\/header>\n<div class=\"entry-content clearfix\" readability=\"61\">\n<figure class=\"post-thumbnail\" itemprop=\"associatedMedia\" itemscope=\"itemscope\" itemtype=\"http:\/\/schema.org\/ImageObject\"><img decoding=\"async\" class=\"post_layout_5_img\" src=\"http:\/\/aujourdhui.ma\/wp-content\/uploads\/2020\/04\/Prison-Maroc.jpg\" alt=\"Casablanca : 24 ans de r\u00e9clusion criminelle contre un trio de malfaiteurs\"\/><\/figure>\n<p><span class=\"c7\"><strong>Ils sont trois jeunes hommes, \u00e2g\u00e9s respectivement de dix-neuf, vingt-deux et vingt-huit ans, qui se sont rencontr\u00e9s \u00e0 la prison d\u2019Oukacha.<\/strong><\/span> <span id=\"more-375913\"\/><\/p>\n<p>Tous les trois, qui purgeaient des peines d\u2019emprisonnement pour vol simple et vol qualifi\u00e9, sont devenus des amis aussi bien \u00e0 la prison qu\u2019apr\u00e8s avoir \u00e9t\u00e9 rel\u00e2ch\u00e9s. Ils ont profit\u00e9 de leur s\u00e9jour commun dans le milieu carc\u00e9ral pour planifier un parcours hors la loi. Ainsi, d\u00e8s leur sortie, ils ont repris leurs activit\u00e9s criminelles pour finir enfin par \u00eatre arr\u00eat\u00e9s et traduits devant la chambre criminelle pr\u00e8s la Cour d\u2019appel de Casablanca. Certes, ils ont avou\u00e9 leurs crimes, devant les \u00e9l\u00e9ments de la police judiciaire et devant le parquet g\u00e9n\u00e9ral. Toutefois, ils ont tent\u00e9 de se disculper d\u00e8s qu\u2019ils ont comparu devant la Cour, poursuivis pour constitution d\u2019une association de malfaiteurs, vols qualifi\u00e9s et coups et blessures avec arme blanche. Tous les trois ont ni\u00e9 avoir agress\u00e9 plusieurs victimes \u00e0 travers les quatre coins de la capitale \u00e9conomique dont deux ont \u00e9t\u00e9 gravement bless\u00e9es. L\u2019un de ces deux victimes a affirm\u00e9 qu\u2019elle avait manifest\u00e9 une r\u00e9sistance farouche contre les trois malfrats quand ils ont tent\u00e9 de l\u2019agresser. Mais, l\u2019un d\u2019eux, a-t-elle ajout\u00e9 \u00e0 la Cour, lui a donn\u00e9 un coup de couteau au niveau de son \u00e9paule gauche pour lui soutirer une somme d\u2019argent de plus de mille dirhams et un smartphone.<\/p>\n<p>La seconde victime qui a \u00e9t\u00e9 gravement tabass\u00e9e a pr\u00e9cis\u00e9, lors de son t\u00e9moignage devant la Cour, qu\u2019elle venait de descendre de sa voiture quand deux des trois malfrats lui ont donn\u00e9 des coups de poing pour qu\u2019elle tombe par terre et lui voler un cartable contenant un PC avant de prendre la fuite.<br \/>Verdict : Jug\u00e9s coupables pour les accusations qui leur ont \u00e9t\u00e9 attribu\u00e9es, chacun des trois malfrats a \u00e9t\u00e9 condamn\u00e9 \u00e0 huit ans de r\u00e9clusion criminelle.<\/p>\n<\/div>\n<p>Auteur: Abderrafii ALOUMLIKI<br \/>\n<a href=\"https:\/\/aujourdhui.ma\/faits-divers\/casablanca-24-ans-de-reclusion-criminelle-contre-un-trio-de-malfaiteurs\">Cliquez ici pour lire l&rsquo;article depuis sa source.<\/a><\/p>\n","protected":false},"excerpt":{"rendered":"<p>Ils sont trois jeunes hommes, \u00e2g\u00e9s respectivement de dix-neuf, vingt-deux et vingt-huit ans, qui se sont rencontr\u00e9s \u00e0 la prison d\u2019Oukacha. Tous les trois, qui purgeaient des peines d\u2019emprisonnement pour vol simple et vol qualifi\u00e9, sont devenus des amis aussi bien \u00e0 la prison qu\u2019apr\u00e8s avoir \u00e9t\u00e9 rel\u00e2ch\u00e9s. Ils ont profit\u00e9 de leur s\u00e9jour commun [&hellip;]<\/p>\n","protected":false},"author":1759,"featured_media":0,"comment_status":"closed","ping_status":"closed","sticky":false,"template":"","format":"standard","meta":{"fifu_image_url":"http:\/\/aujourdhui.ma\/wp-content\/uploads\/2020\/04\/Prison-Maroc.jpg","fifu_image_alt":"Casablanca : 24 ans de r\u00e9clusion  criminelle contre un trio de malfaiteurs","footnotes":""},"categories":[73,54],"tags":[],"class_list":["post-116327","post","type-post","status-publish","format-standard","hentry","category-actualite","category-maroc"],"_links":{"self":[{"href":"https:\/\/linitiative.ca\/International\/wp-json\/wp\/v2\/posts\/116327","targetHints":{"allow":["GET"]}}],"collection":[{"href":"https:\/\/linitiative.ca\/International\/wp-json\/wp\/v2\/posts"}],"about":[{"href":"https:\/\/linitiative.ca\/International\/wp-json\/wp\/v2\/types\/post"}],"author":[{"embeddable":true,"href":"https:\/\/linitiative.ca\/International\/wp-json\/wp\/v2\/users\/1759"}],"replies":[{"embeddable":true,"href":"https:\/\/linitiative.ca\/International\/wp-json\/wp\/v2\/comments?post=116327"}],"version-history":[{"count":0,"href":"https:\/\/linitiative.ca\/International\/wp-json\/wp\/v2\/posts\/116327\/revisions"}],"wp:attachment":[{"href":"https:\/\/linitiative.ca\/International\/wp-json\/wp\/v2\/media?parent=116327"}],"wp:term":[{"taxonomy":"category","embeddable":true,"href":"https:\/\/linitiative.ca\/International\/wp-json\/wp\/v2\/categories?post=116327"},{"taxonomy":"post_tag","embeddable":true,"href":"https:\/\/linitiative.ca\/International\/wp-json\/wp\/v2\/tags?post=116327"}],"curies":[{"name":"wp","href":"https:\/\/api.w.org\/{rel}","templated":true}]}}