{"id":11633,"date":"2019-02-05T10:18:15","date_gmt":"2019-02-05T15:18:15","guid":{"rendered":"https:\/\/linitiative.ca\/International\/classement-mondial-juniors-ines-bekrar-progresse-de-dix-places-cette-semaine\/"},"modified":"2019-02-05T10:18:15","modified_gmt":"2019-02-05T15:18:15","slug":"classement-mondial-juniors-ines-bekrar-progresse-de-dix-places-cette-semaine","status":"publish","type":"post","link":"https:\/\/linitiative.ca\/International\/classement-mondial-juniors-ines-bekrar-progresse-de-dix-places-cette-semaine\/","title":{"rendered":"Classement mondial juniors: In\u00e8s Bekrar progresse de dix places cette semaine"},"content":{"rendered":"<div>\n<div class=\"K2FeedImage\"><img decoding=\"async\" src=\"http:\/\/www.aps.dz\/media\/k2\/items\/cache\/d7fe44e22bfc3d700346639b99eb15e3_S.jpg\" alt=\"Classement mondial juniors: In\u00e8s Bekrar progresse de dix places cette semaine\"><\/div>\n<div class=\"K2FeedIntroText\">\n<p><strong>LONDRES &#8211; La joueuse de tennis alg\u00e9rienne In\u00e8s Bekrar a gagn\u00e9 dix places dans le nouveau classement mondial \u00ab\u00a0juniors\u00a0\u00bb, d\u00e9voil\u00e9 mardi par la F\u00e9d\u00e9ration international de la discipline (ITF), se positionnant d\u00e9sormais au 499e rang.<\/strong><\/p>\n<\/div>\n<div class=\"K2FeedFullText\">\n<p>Il s&rsquo;agit de la seule progression pour les Alg\u00e9riens les mieux class\u00e9s sur le plan mondial et qui sont au nombre de neuf (5 gar\u00e7ons et 4 filles), car ayant tous r\u00e9gress\u00e9 cette semaine.<\/p>\n<p>En effet, Youcef Rihane a perdu 6 places pour se retrouver au 149e rang. Ce qui fut \u00e9galement le cas pour ses compatriotes Samir Hamza Reguig (-2 \/ 618e), Mohamed Ali Abibsi (-13 \/ 1201e), Aymen Abderrahmane Ali-Moussa (-11 \/ 1576e) et Mohamed Forkane Lebdi (-8 \/ 1706e).<\/p>\n<p>M\u00eame sc\u00e9nario chez les filles, \u00e0 commencer par l&rsquo;Oranaise Lynda Benkaddour, qui a perdu 3 places dans ce nouveau classement mondial pour se retrouver au 172e rang, tout comme Houria Boukhkholda (-4 \/ 1240e), Amina Ahlem Felloussa (-1 \/ 1438e) et Bochra Rehab Mebarki (-6 \/ 1641e).<\/p>\n<p>Le classement mondial \u00ab\u00a0juniors\u00a0\u00bb est domin\u00e9 par le Chinois Chun Hsin Tseng chez les gar\u00e7ons et par la Danoise Clara Tauson chez les filles.<\/p>\n<\/div>\n<p><img loading=\"lazy\" decoding=\"async\" src=\"http:\/\/feeds.feedburner.com\/~r\/aps-sport\/~4\/ZG5qLqS_Z6g\" height=\"1\" width=\"1\" alt=\"\"><\/div>\n","protected":false},"excerpt":{"rendered":"<p>LONDRES &#8211; La joueuse de tennis alg\u00e9rienne In\u00e8s Bekrar a gagn\u00e9 dix places dans le nouveau classement mondial \u00ab\u00a0juniors\u00a0\u00bb, d\u00e9voil\u00e9 mardi par la F\u00e9d\u00e9ration international de la discipline (ITF), se positionnant d\u00e9sormais au 499e rang. Il s&rsquo;agit de la seule progression pour les Alg\u00e9riens les mieux class\u00e9s sur le plan mondial et qui sont au [&hellip;]<\/p>\n","protected":false},"author":1790,"featured_media":11634,"comment_status":"closed","ping_status":"closed","sticky":false,"template":"","format":"standard","meta":{"fifu_image_url":"","fifu_image_alt":"","footnotes":""},"categories":[53,75],"tags":[],"class_list":["post-11633","post","type-post","status-publish","format-standard","has-post-thumbnail","hentry","category-algerie","category-sport"],"_links":{"self":[{"href":"https:\/\/linitiative.ca\/International\/wp-json\/wp\/v2\/posts\/11633","targetHints":{"allow":["GET"]}}],"collection":[{"href":"https:\/\/linitiative.ca\/International\/wp-json\/wp\/v2\/posts"}],"about":[{"href":"https:\/\/linitiative.ca\/International\/wp-json\/wp\/v2\/types\/post"}],"author":[{"embeddable":true,"href":"https:\/\/linitiative.ca\/International\/wp-json\/wp\/v2\/users\/1790"}],"replies":[{"embeddable":true,"href":"https:\/\/linitiative.ca\/International\/wp-json\/wp\/v2\/comments?post=11633"}],"version-history":[{"count":0,"href":"https:\/\/linitiative.ca\/International\/wp-json\/wp\/v2\/posts\/11633\/revisions"}],"wp:featuredmedia":[{"embeddable":true,"href":"https:\/\/linitiative.ca\/International\/wp-json\/"}],"wp:attachment":[{"href":"https:\/\/linitiative.ca\/International\/wp-json\/wp\/v2\/media?parent=11633"}],"wp:term":[{"taxonomy":"category","embeddable":true,"href":"https:\/\/linitiative.ca\/International\/wp-json\/wp\/v2\/categories?post=11633"},{"taxonomy":"post_tag","embeddable":true,"href":"https:\/\/linitiative.ca\/International\/wp-json\/wp\/v2\/tags?post=11633"}],"curies":[{"name":"wp","href":"https:\/\/api.w.org\/{rel}","templated":true}]}}