{"id":116330,"date":"2021-05-06T18:18:00","date_gmt":"2021-05-06T22:18:00","guid":{"rendered":"https:\/\/linitiative.ca\/International\/video-lincroyable-scene-du-sauvetage-dun-enfant-a-msila\/"},"modified":"2021-05-06T18:18:00","modified_gmt":"2021-05-06T22:18:00","slug":"video-lincroyable-scene-du-sauvetage-dun-enfant-a-msila","status":"publish","type":"post","link":"https:\/\/linitiative.ca\/International\/video-lincroyable-scene-du-sauvetage-dun-enfant-a-msila\/","title":{"rendered":"[Vid\u00e9o] L&rsquo;incroyable sc\u00e8ne du sauvetage d\u2019un enfant \u00e0 M&rsquo;sila"},"content":{"rendered":"<div id=\"originalText\" readability=\"51\">\n<p><em><strong>(Papier actualis\u00e9)\u00a0<\/strong><\/em><\/p>\n<p>Un enfant, \u00e2g\u00e9 de 13 ans, a \u00e9t\u00e9 sauv\u00e9 d\u2019une mort certaine, ce jeudi, par des agents de la protection civile appuy\u00e9s par de courageux citoyens volontaires, apr\u00e8s qu\u2019il s\u2019est retrouv\u00e9 coinc\u00e9 au milieu des eaux en furie de oued Cha\u00efr, commune de Mohamed Boudiaf, dans la wilaya de M\u2019sila.\u00a0<\/p>\n<p><iframe loading=\"lazy\" allow=\"autoplay; clipboard-write; encrypted-media; picture-in-picture; web-share\" allowfullscreen=\"true\" frameborder=\"0\" height=\"448\" scrolling=\"no\" src=\"https:\/\/www.facebook.com\/plugins\/video.php?height=448&amp;href=https%3A%2F%2Fweb.facebook.com%2FPageOfficial20%2Fvideos%2F826182111347827%2F&amp;show_text=false&amp;width=560\" class=\"c6\" width=\"560\">[embedded content]<\/iframe><\/p>\n<p>Les intemp\u00e9ries qu\u2019a enregistr\u00e9 la r\u00e9gion entre la nuit de mercredi \u00e0 jeudi matin, ont\u00a0provoqu\u00e9 le d\u00e9bordement de plusieurs oueds, causant au moins deux d\u00e9c\u00e8s \u00e0 M\u2019sila et trois autres, une m\u00e8re et ses enfants, \u00e0 Bou Saada, selon des sources locales.<\/p>\n<p class=\"c7\"><strong>R\u00e9daction Web\u00a0\u00a0<\/strong><\/p>\n<\/div>\n<div id=\"text_core\" readability=\"51\">\n<p><em><strong>(Papier actualis\u00e9)\u00a0<\/strong><\/em><\/p>\n<p>Un enfant, \u00e2g\u00e9 de 13 ans, a \u00e9t\u00e9 sauv\u00e9 d\u2019une mort certaine, ce jeudi, par des agents de la protection civile appuy\u00e9s par de courageux citoyens volontaires, apr\u00e8s qu\u2019il s\u2019est retrouv\u00e9 coinc\u00e9 au milieu des eaux en furie de oued Cha\u00efr, commune de Mohamed Boudiaf, dans la wilaya de M\u2019sila.\u00a0<\/p>\n<p><iframe loading=\"lazy\" allow=\"autoplay; clipboard-write; encrypted-media; picture-in-picture; web-share\" allowfullscreen=\"true\" frameborder=\"0\" height=\"448\" scrolling=\"no\" src=\"https:\/\/www.facebook.com\/plugins\/video.php?height=448&amp;href=https%3A%2F%2Fweb.facebook.com%2FPageOfficial20%2Fvideos%2F826182111347827%2F&amp;show_text=false&amp;width=560\" class=\"c6\" width=\"560\">[embedded content]<\/iframe><\/p>\n<p>Les intemp\u00e9ries qu\u2019a enregistr\u00e9 la r\u00e9gion entre la nuit de mercredi \u00e0 jeudi matin, ont\u00a0provoqu\u00e9 le d\u00e9bordement de plusieurs oueds, causant au moins deux d\u00e9c\u00e8s \u00e0 M\u2019sila et trois autres, une m\u00e8re et ses enfants, \u00e0 Bou Saada, selon des sources locales.<\/p>\n<p class=\"c7\"><strong>R\u00e9daction Web\u00a0\u00a0<\/strong><\/p>\n<\/div>\n<p>Auteur:<br \/>\n<a href=\"https:\/\/www.liberte-algerie.com\/actualite\/video-lincroyable-scene-du-sauvetage-dun-enfant-a-msila-358369\">Cliquez ici pour lire l&rsquo;article depuis sa source.<\/a><\/p>\n","protected":false},"excerpt":{"rendered":"<p>(Papier actualis\u00e9)\u00a0 Un enfant, \u00e2g\u00e9 de 13 ans, a \u00e9t\u00e9 sauv\u00e9 d\u2019une mort certaine, ce jeudi, par des agents de la protection civile appuy\u00e9s par de courageux citoyens volontaires, apr\u00e8s qu\u2019il s\u2019est retrouv\u00e9 coinc\u00e9 au milieu des eaux en furie de oued Cha\u00efr, commune de Mohamed Boudiaf, dans la wilaya de M\u2019sila.\u00a0 [embedded content] Les [&hellip;]<\/p>\n","protected":false},"author":1742,"featured_media":0,"comment_status":"closed","ping_status":"closed","sticky":false,"template":"","format":"standard","meta":{"fifu_image_url":"","fifu_image_alt":"","footnotes":""},"categories":[73,53],"tags":[],"class_list":["post-116330","post","type-post","status-publish","format-standard","hentry","category-actualite","category-algerie"],"_links":{"self":[{"href":"https:\/\/linitiative.ca\/International\/wp-json\/wp\/v2\/posts\/116330","targetHints":{"allow":["GET"]}}],"collection":[{"href":"https:\/\/linitiative.ca\/International\/wp-json\/wp\/v2\/posts"}],"about":[{"href":"https:\/\/linitiative.ca\/International\/wp-json\/wp\/v2\/types\/post"}],"author":[{"embeddable":true,"href":"https:\/\/linitiative.ca\/International\/wp-json\/wp\/v2\/users\/1742"}],"replies":[{"embeddable":true,"href":"https:\/\/linitiative.ca\/International\/wp-json\/wp\/v2\/comments?post=116330"}],"version-history":[{"count":0,"href":"https:\/\/linitiative.ca\/International\/wp-json\/wp\/v2\/posts\/116330\/revisions"}],"wp:attachment":[{"href":"https:\/\/linitiative.ca\/International\/wp-json\/wp\/v2\/media?parent=116330"}],"wp:term":[{"taxonomy":"category","embeddable":true,"href":"https:\/\/linitiative.ca\/International\/wp-json\/wp\/v2\/categories?post=116330"},{"taxonomy":"post_tag","embeddable":true,"href":"https:\/\/linitiative.ca\/International\/wp-json\/wp\/v2\/tags?post=116330"}],"curies":[{"name":"wp","href":"https:\/\/api.w.org\/{rel}","templated":true}]}}