{"id":116332,"date":"2021-05-07T06:33:01","date_gmt":"2021-05-07T10:33:01","guid":{"rendered":"https:\/\/linitiative.ca\/International\/focus-sur-la-simplification-des-procedures-administratives\/"},"modified":"2021-05-07T06:33:01","modified_gmt":"2021-05-07T10:33:01","slug":"focus-sur-la-simplification-des-procedures-administratives","status":"publish","type":"post","link":"https:\/\/linitiative.ca\/International\/focus-sur-la-simplification-des-procedures-administratives\/","title":{"rendered":"Focus sur la simplification des proc\u00e9dures administratives"},"content":{"rendered":"<div readability=\"36\">\n<p>Benguerir (Province de Rehamna) \u2013 Une r\u00e9union de communication a \u00e9t\u00e9 tenue, mercredi au si\u00e8ge de la province de Rehamna \u00e0 Benguerir, sur la mise en \u0153uvre de la loi n\u00b0 55.19 relative \u00e0 la simplification des proc\u00e9dures et formalit\u00e9s administratives.<\/p>\n<\/div>\n<div readability=\"77\">\n<p>Cette r\u00e9union, tenue en pr\u00e9sence du gouverneur de la province, M. Aziz Bouignane, s\u2019inscrit dans le cadre des efforts d\u00e9ploy\u00e9s pour mettre en \u0153uvre les dispositions de la loi n\u00b0 55.19 relative \u00e0 la simplification des proc\u00e9dures et formalit\u00e9s administratives, et faire connaitre le portail national des proc\u00e9dures et des formalit\u00e9s administratives \u00ab\u00a0Idarati\u00a0\u00bb.<\/p>\n<p>Selon un communiqu\u00e9 de la pr\u00e9fecture de la province, cette loi constitue un chantier Royal de grande envergure puisqu\u2019elle repr\u00e9sente une nouvelle norme de r\u00e9f\u00e9rence des d\u00e9cisions administratives, une \u00ab\u00a0r\u00e9volution\u00a0\u00bb dans la simplification et la num\u00e9risation, et une \u00e9tape importante dans la consolidation de la bonne gouvernance et de la confiance entre l\u2019administration et les administr\u00e9s, \u00e0 travers l\u2019encadrement des services publics sur la base de proc\u00e9dures pr\u00e9cises et transparentes qui r\u00e9pondent aux attentes du citoyen et de l\u2019entreprise.<\/p>\n<p>Dans une allocution de circonstance, M. Bouignane a soulign\u00e9 que l\u2019am\u00e9lioration de la relation entre l\u2019administration et les administr\u00e9s constitue l\u2019axe majeur de la r\u00e9forme de l\u2019administration, dont la performance reste d\u00e9pendante de sa capacit\u00e9 \u00e0 r\u00e9pondre aux aspirations et aux attentes des usagers.<\/p>\n<p>Il a \u00e9galement relev\u00e9 que la loi relative \u00e0 la simplification des proc\u00e9dures et formalit\u00e9s administratives se veut \u00ab\u00a0un levier\u00a0\u00bb pour atteindre cet objectif, notamment dans le domaine de l\u2019am\u00e9lioration de la qualit\u00e9 des services fournis aux citoyens et aux entreprises, et le renforcement de la confiance entre l\u2019administration et les administr\u00e9s.<\/p>\n<p>Dans ce sens, M. Bouignane a appel\u00e9 tous les acteurs concern\u00e9s \u00e0 f\u00e9d\u00e9rer leurs efforts en vue de la r\u00e9ussite de ce chantier et ce, par une application optimale des dispositions de la loi 55.19, afin d\u2019atteindre les objectifs escompt\u00e9s et de contribuer au d\u00e9veloppement de la province de Rehamna.<\/p>\n<p>Cette rencontre, qui a connu la participation des repr\u00e9sentants des autorit\u00e9s locales, des acteurs \u00e9conomiques et associatifs, est la premi\u00e8re du genre dans le cadre d\u2019une s\u00e9rie de rencontres destin\u00e9es \u00e0 mettre en \u0153uvre de cette loi et \u00e0 sensibiliser sur son importance.<\/p>\n<\/div>\n<p>Auteur: Meriem IGASS<br \/>\n<a href=\"http:\/\/www.mapmarrakech.ma\/fr\/focus-sur-la-loi-relative-a-la-simplification-des-procedures-administratives\/\">Cliquez ici pour lire l&rsquo;article depuis sa source.<\/a><\/p>\n","protected":false},"excerpt":{"rendered":"<p>Benguerir (Province de Rehamna) \u2013 Une r\u00e9union de communication a \u00e9t\u00e9 tenue, mercredi au si\u00e8ge de la province de Rehamna \u00e0 Benguerir, sur la mise en \u0153uvre de la loi n\u00b0 55.19 relative \u00e0 la simplification des proc\u00e9dures et formalit\u00e9s administratives. Cette r\u00e9union, tenue en pr\u00e9sence du gouverneur de la province, M. Aziz Bouignane, s\u2019inscrit [&hellip;]<\/p>\n","protected":false},"author":1788,"featured_media":0,"comment_status":"closed","ping_status":"closed","sticky":false,"template":"","format":"standard","meta":{"fifu_image_url":"","fifu_image_alt":"","footnotes":""},"categories":[54,76],"tags":[],"class_list":["post-116332","post","type-post","status-publish","format-standard","hentry","category-maroc","category-regions"],"_links":{"self":[{"href":"https:\/\/linitiative.ca\/International\/wp-json\/wp\/v2\/posts\/116332","targetHints":{"allow":["GET"]}}],"collection":[{"href":"https:\/\/linitiative.ca\/International\/wp-json\/wp\/v2\/posts"}],"about":[{"href":"https:\/\/linitiative.ca\/International\/wp-json\/wp\/v2\/types\/post"}],"author":[{"embeddable":true,"href":"https:\/\/linitiative.ca\/International\/wp-json\/wp\/v2\/users\/1788"}],"replies":[{"embeddable":true,"href":"https:\/\/linitiative.ca\/International\/wp-json\/wp\/v2\/comments?post=116332"}],"version-history":[{"count":0,"href":"https:\/\/linitiative.ca\/International\/wp-json\/wp\/v2\/posts\/116332\/revisions"}],"wp:attachment":[{"href":"https:\/\/linitiative.ca\/International\/wp-json\/wp\/v2\/media?parent=116332"}],"wp:term":[{"taxonomy":"category","embeddable":true,"href":"https:\/\/linitiative.ca\/International\/wp-json\/wp\/v2\/categories?post=116332"},{"taxonomy":"post_tag","embeddable":true,"href":"https:\/\/linitiative.ca\/International\/wp-json\/wp\/v2\/tags?post=116332"}],"curies":[{"name":"wp","href":"https:\/\/api.w.org\/{rel}","templated":true}]}}