{"id":116336,"date":"2021-05-07T13:04:37","date_gmt":"2021-05-07T17:04:37","guid":{"rendered":"https:\/\/linitiative.ca\/International\/covid-19-plus-de-436-millions-de-personnes-completement-vaccinees\/"},"modified":"2021-05-07T13:04:37","modified_gmt":"2021-05-07T17:04:37","slug":"covid-19-plus-de-436-millions-de-personnes-completement-vaccinees","status":"publish","type":"post","link":"https:\/\/linitiative.ca\/International\/covid-19-plus-de-436-millions-de-personnes-completement-vaccinees\/","title":{"rendered":"Covid-19: plus de 4,36 millions de personnes compl\u00e8tement vaccin\u00e9es"},"content":{"rendered":"<div readability=\"36\">\n<p>Le nombre des personnes compl\u00e8tement vaccin\u00e9es contre la covid-19 a atteint 4.363.261 \u00e0 ce jour, alors que les personnes ayant re\u00e7u la premi\u00e8re dose sont au nombre de 5.429.878, a annonc\u00e9 vendredi le minist\u00e8re de la Sant\u00e9.<\/p>\n<\/div>\n<div readability=\"70\">\n<p>Par ailleurs, un total de 298 nouveaux cas d\u2019infection au coronavirus et 275 gu\u00e9risons a \u00e9t\u00e9 enregistr\u00e9 en 24H, a indiqu\u00e9 le minist\u00e8re dans son bulletin quotidien sur la situation de la Covid-19.<\/p>\n<p>Ce nouveau bilan porte \u00e0 513.314 le nombre total des contaminations depuis le premier cas signal\u00e9 en mars 2020, alors que le nombre des personnes r\u00e9tablies est pass\u00e9 \u00e0 500.192, soit un taux de gu\u00e9rison de 97,4%, a pr\u00e9cis\u00e9 le minist\u00e8re.<\/p>\n<p>Quant au nombre total des d\u00e9c\u00e8s, il est pass\u00e9 \u00e0 9.057 avec 8 nouveaux cas recens\u00e9s en 24 heures, soit un taux de l\u00e9talit\u00e9 de 1,8%. Ces d\u00e9c\u00e8s ont \u00e9t\u00e9 enregistr\u00e9s dans les r\u00e9gions de Casablanca-Settat (7) et Tanger-T\u00e9touan-Al Hoceima (1).<\/p>\n<p>Les nouvelles contaminations ont \u00e9t\u00e9 enregistr\u00e9es dans les r\u00e9gions de Casablanca-Settat (188), Rabat-Sal\u00e9-K\u00e9nitra (27), Souss-Massa (21), Tanger-T\u00e9touan-Al Hoceima (19), Marrakech-Safi (15), La\u00e2youne-Sakia El Hamra (9), l\u2019Oriental (8), Guelmim-Oued Noun (5), Dakhla-Oued Eddahab (3), Dar\u00e2a-Tafilalet (2) et B\u00e9ni Mellal-Kh\u00e9nifra (1).<\/p>\n<p>Le nombre des cas actifs s\u2019\u00e9l\u00e8ve \u00e0 4.065, tandis que les cas s\u00e9v\u00e8res ou critiques sont au nombre de 260, dont 16 plac\u00e9s sous intubation.<\/p>\n<\/div>\n<p>Auteur: Meriem IGASS<br \/>\n<a href=\"http:\/\/www.mapmarrakech.ma\/fr\/covid-19-plus-de-436-millions-de-personnes-completement-vaccinees\/\">Cliquez ici pour lire l&rsquo;article depuis sa source.<\/a><\/p>\n","protected":false},"excerpt":{"rendered":"<p>Le nombre des personnes compl\u00e8tement vaccin\u00e9es contre la covid-19 a atteint 4.363.261 \u00e0 ce jour, alors que les personnes ayant re\u00e7u la premi\u00e8re dose sont au nombre de 5.429.878, a annonc\u00e9 vendredi le minist\u00e8re de la Sant\u00e9. Par ailleurs, un total de 298 nouveaux cas d\u2019infection au coronavirus et 275 gu\u00e9risons a \u00e9t\u00e9 enregistr\u00e9 en [&hellip;]<\/p>\n","protected":false},"author":1788,"featured_media":0,"comment_status":"closed","ping_status":"closed","sticky":false,"template":"","format":"standard","meta":{"fifu_image_url":"","fifu_image_alt":"","footnotes":""},"categories":[54,76],"tags":[],"class_list":["post-116336","post","type-post","status-publish","format-standard","hentry","category-maroc","category-regions"],"_links":{"self":[{"href":"https:\/\/linitiative.ca\/International\/wp-json\/wp\/v2\/posts\/116336","targetHints":{"allow":["GET"]}}],"collection":[{"href":"https:\/\/linitiative.ca\/International\/wp-json\/wp\/v2\/posts"}],"about":[{"href":"https:\/\/linitiative.ca\/International\/wp-json\/wp\/v2\/types\/post"}],"author":[{"embeddable":true,"href":"https:\/\/linitiative.ca\/International\/wp-json\/wp\/v2\/users\/1788"}],"replies":[{"embeddable":true,"href":"https:\/\/linitiative.ca\/International\/wp-json\/wp\/v2\/comments?post=116336"}],"version-history":[{"count":0,"href":"https:\/\/linitiative.ca\/International\/wp-json\/wp\/v2\/posts\/116336\/revisions"}],"wp:attachment":[{"href":"https:\/\/linitiative.ca\/International\/wp-json\/wp\/v2\/media?parent=116336"}],"wp:term":[{"taxonomy":"category","embeddable":true,"href":"https:\/\/linitiative.ca\/International\/wp-json\/wp\/v2\/categories?post=116336"},{"taxonomy":"post_tag","embeddable":true,"href":"https:\/\/linitiative.ca\/International\/wp-json\/wp\/v2\/tags?post=116336"}],"curies":[{"name":"wp","href":"https:\/\/api.w.org\/{rel}","templated":true}]}}