{"id":116337,"date":"2021-05-07T11:10:01","date_gmt":"2021-05-07T15:10:01","guid":{"rendered":"https:\/\/linitiative.ca\/International\/linterieur-rappelle-la-necessite-du-respect-des-mesures-relatives-a-lenterrement-et-aux-funerailles\/"},"modified":"2021-05-07T11:10:01","modified_gmt":"2021-05-07T15:10:01","slug":"linterieur-rappelle-la-necessite-du-respect-des-mesures-relatives-a-lenterrement-et-aux-funerailles","status":"publish","type":"post","link":"https:\/\/linitiative.ca\/International\/linterieur-rappelle-la-necessite-du-respect-des-mesures-relatives-a-lenterrement-et-aux-funerailles\/","title":{"rendered":"L\u2019Int\u00e9rieur rappelle la n\u00e9cessit\u00e9 du respect des mesures relatives \u00e0 l\u2019enterrement et aux fun\u00e9railles"},"content":{"rendered":"<div class=\"single-featured\"><img alt=\"\" data-src=\"http:\/\/www.mapoujda.ma\/map\/uploads\/2020\/03\/Minist\u00e8re-de-lint\u00e9rieur-M750\u00d7430-MAP-2.jpg\"\/><\/div>\n<div class=\"entry-content clearfix single-post-content\" readability=\"52\">\n<p class=\"c4\">Le minist\u00e8re de l\u2019Int\u00e9rieur a affirm\u00e9, vendredi, la n\u00e9cessit\u00e9 de continuer \u00e0 respecter les mesures en vigueur relatives \u00e0 l\u2019enterrement et aux fun\u00e9railles, et ce en vue de lutter contre le nouveau coronavirus.<\/p>\n<p class=\"c4\">Dans le cadre des mesures pr\u00e9ventives en vigueur pour circonscrire la propagation du Covid-19 et pr\u00e9server la sant\u00e9 des citoyennes et citoyens, le minist\u00e8re de l\u2019Int\u00e9rieur a rappel\u00e9, dans un communiqu\u00e9, la n\u00e9cessit\u00e9 de continuer \u00e0 respecter les mesures pr\u00e9c\u00e9demment annonc\u00e9es: se limiter \u00e0 10 personnes au maximum lors de la c\u00e9r\u00e9monie d\u2019enterrement et interdire l\u2019organisation des fun\u00e9railles.<\/p>\n<p class=\"c4\">Tout en soulignant l\u2019importance de ces mesures pour lutter contre le risque de propagation du virus, le minist\u00e8re a soutenu que l\u2019engagement ferme et responsable de tout un chacun est le seul moyen pour surmonter cette \u00e9tape sanitaire d\u00e9licate et conforter les acquis r\u00e9alis\u00e9s par le Royaume depuis l\u2019apparition de cette pand\u00e9mie, conclut le communiqu\u00e9.<\/p>\n<\/div>\n<p>Auteur: Soufiane ELAHMAR<br \/>\n<a href=\"http:\/\/www.mapoujda.ma\/fr\/linterieur-rappelle-la-necessite-du-respect-des-mesures-relatives-a-lenterrement-et-aux-funerailles\/\">Cliquez ici pour lire l&rsquo;article depuis sa source.<\/a><\/p>\n","protected":false},"excerpt":{"rendered":"<p>Le minist\u00e8re de l\u2019Int\u00e9rieur a affirm\u00e9, vendredi, la n\u00e9cessit\u00e9 de continuer \u00e0 respecter les mesures en vigueur relatives \u00e0 l\u2019enterrement et aux fun\u00e9railles, et ce en vue de lutter contre le nouveau coronavirus. Dans le cadre des mesures pr\u00e9ventives en vigueur pour circonscrire la propagation du Covid-19 et pr\u00e9server la sant\u00e9 des citoyennes et citoyens, [&hellip;]<\/p>\n","protected":false},"author":1788,"featured_media":0,"comment_status":"closed","ping_status":"closed","sticky":false,"template":"","format":"standard","meta":{"fifu_image_url":"http:\/\/www.mapoujda.ma\/map\/uploads\/2020\/03\/Minist\u00e8re-de-lint\u00e9rieur-M750\u00d7430-MAP-2.jpg","fifu_image_alt":"L\u2019Int\u00e9rieur rappelle la n\u00e9cessit\u00e9 du respect des mesures relatives \u00e0 l\u2019enterrement et aux fun\u00e9railles","footnotes":""},"categories":[54,76],"tags":[],"class_list":["post-116337","post","type-post","status-publish","format-standard","hentry","category-maroc","category-regions"],"_links":{"self":[{"href":"https:\/\/linitiative.ca\/International\/wp-json\/wp\/v2\/posts\/116337","targetHints":{"allow":["GET"]}}],"collection":[{"href":"https:\/\/linitiative.ca\/International\/wp-json\/wp\/v2\/posts"}],"about":[{"href":"https:\/\/linitiative.ca\/International\/wp-json\/wp\/v2\/types\/post"}],"author":[{"embeddable":true,"href":"https:\/\/linitiative.ca\/International\/wp-json\/wp\/v2\/users\/1788"}],"replies":[{"embeddable":true,"href":"https:\/\/linitiative.ca\/International\/wp-json\/wp\/v2\/comments?post=116337"}],"version-history":[{"count":0,"href":"https:\/\/linitiative.ca\/International\/wp-json\/wp\/v2\/posts\/116337\/revisions"}],"wp:attachment":[{"href":"https:\/\/linitiative.ca\/International\/wp-json\/wp\/v2\/media?parent=116337"}],"wp:term":[{"taxonomy":"category","embeddable":true,"href":"https:\/\/linitiative.ca\/International\/wp-json\/wp\/v2\/categories?post=116337"},{"taxonomy":"post_tag","embeddable":true,"href":"https:\/\/linitiative.ca\/International\/wp-json\/wp\/v2\/tags?post=116337"}],"curies":[{"name":"wp","href":"https:\/\/api.w.org\/{rel}","templated":true}]}}