{"id":116338,"date":"2021-05-07T11:17:32","date_gmt":"2021-05-07T15:17:32","guid":{"rendered":"https:\/\/linitiative.ca\/International\/les-detenus-recevront-les-paniers-pendant-aid-al-fitr-selon-un-calendrier-defini\/"},"modified":"2021-05-07T11:17:32","modified_gmt":"2021-05-07T15:17:32","slug":"les-detenus-recevront-les-paniers-pendant-aid-al-fitr-selon-un-calendrier-defini","status":"publish","type":"post","link":"https:\/\/linitiative.ca\/International\/les-detenus-recevront-les-paniers-pendant-aid-al-fitr-selon-un-calendrier-defini\/","title":{"rendered":"Les d\u00e9tenus recevront les paniers pendant A\u00efd Al Fitr selon un calendrier d\u00e9fini"},"content":{"rendered":"<div class=\"single-featured\"><img alt=\"\" data-src=\"http:\/\/www.mapoujda.ma\/map\/uploads\/2021\/05\/Si\u00e8ge-de-la-DGAPR-M750\u00d7430-MAP.jpg\"\/><\/div>\n<div class=\"entry-content clearfix single-post-content\" readability=\"62\">\n<p class=\"c4\">Les d\u00e9tenus seront autoris\u00e9s \u00e0 recevoir des paniers de denr\u00e9es alimentaires de la part de leurs proches pendant la p\u00e9riode d\u2019A\u00efd Al-Fitr selon un calendrier d\u00e9fini par la direction de l\u2019\u00e9tablissement p\u00e9nitentiaire, a annonc\u00e9 vendredi la D\u00e9l\u00e9gation g\u00e9n\u00e9rale \u00e0 l\u2019Administration p\u00e9nitentiaire et \u00e0 la r\u00e9insertion (DGAPR).<\/p>\n<p class=\"c4\">Cette autorisation intervient en cons\u00e9cration de la d\u00e9cision de la DGAPR d\u2019exclure les p\u00e9riodes des f\u00eates religieuses de l\u2019interdiction d\u00e9finitive des paniers-repas, vu l\u2019impact psychologique positif de cette f\u00eate sur les d\u00e9tenus et sur la pr\u00e9servation des liens familiaux, a indiqu\u00e9 la d\u00e9l\u00e9gation dans un communiqu\u00e9.<\/p>\n<p class=\"c4\">Au regard de la conjoncture de la pand\u00e9mie de Covid-19 qui impose des mesures pr\u00e9ventives, les prisonniers seront autoris\u00e9s \u00e0 recevoir les paniers-repas de la part de leurs familles et proches lors de la p\u00e9riode de l\u2019Aid Al-Fitr selon un calendrier d\u00e9fini par la direction de l\u2019\u00e9tablissement p\u00e9nitentiaire, ajoute le communiqu\u00e9.<\/p>\n<p class=\"c4\">Les \u00e9tablissements p\u00e9nitentiaires offriront toutes les facilit\u00e9s n\u00e9c\u00e9ssaires \u00e0 leurs pensionnaires afin de contacter leurs familles et les informer de la date programm\u00e9e et des conditions requises pour introduire lesdits paniers, a ajout\u00e9 la m\u00eame source.<\/p>\n<p class=\"c4\">La D\u00e9l\u00e9gation g\u00e9n\u00e9rale a invit\u00e9 les familles des d\u00e9tenus \u00e0 \u00ab\u00a0s\u2019engager s\u00e9rieusement et de mani\u00e8re responsable pour faire r\u00e9ussir cette op\u00e9ration, sans chercher \u00e0 introduire tout ce qui est de nature \u00e0 porter atteinte \u00e0 la s\u00e9curit\u00e9 de l\u2019\u00e9tablissement p\u00e9nitentiaire, tout en se conformant pleinement aux mesures pr\u00e9ventives contre le nouveau coronavirus\u00a0\u00bb.<\/p>\n<\/div>\n<p>Auteur: Soufiane ELAHMAR<br \/>\n<a href=\"http:\/\/www.mapoujda.ma\/fr\/les-detenus-recevront-les-paniers-pendant-aid-al-fitr-selon-un-calendrier-defini\/\">Cliquez ici pour lire l&rsquo;article depuis sa source.<\/a><\/p>\n","protected":false},"excerpt":{"rendered":"<p>Les d\u00e9tenus seront autoris\u00e9s \u00e0 recevoir des paniers de denr\u00e9es alimentaires de la part de leurs proches pendant la p\u00e9riode d\u2019A\u00efd Al-Fitr selon un calendrier d\u00e9fini par la direction de l\u2019\u00e9tablissement p\u00e9nitentiaire, a annonc\u00e9 vendredi la D\u00e9l\u00e9gation g\u00e9n\u00e9rale \u00e0 l\u2019Administration p\u00e9nitentiaire et \u00e0 la r\u00e9insertion (DGAPR). Cette autorisation intervient en cons\u00e9cration de la d\u00e9cision de [&hellip;]<\/p>\n","protected":false},"author":1788,"featured_media":0,"comment_status":"closed","ping_status":"closed","sticky":false,"template":"","format":"standard","meta":{"fifu_image_url":"http:\/\/www.mapoujda.ma\/map\/uploads\/2021\/05\/Si\u00e8ge-de-la-DGAPR-M750\u00d7430-MAP.jpg","fifu_image_alt":"Les d\u00e9tenus recevront les paniers pendant A\u00efd Al Fitr selon un calendrier d\u00e9fini","footnotes":""},"categories":[54,76],"tags":[],"class_list":["post-116338","post","type-post","status-publish","format-standard","hentry","category-maroc","category-regions"],"_links":{"self":[{"href":"https:\/\/linitiative.ca\/International\/wp-json\/wp\/v2\/posts\/116338","targetHints":{"allow":["GET"]}}],"collection":[{"href":"https:\/\/linitiative.ca\/International\/wp-json\/wp\/v2\/posts"}],"about":[{"href":"https:\/\/linitiative.ca\/International\/wp-json\/wp\/v2\/types\/post"}],"author":[{"embeddable":true,"href":"https:\/\/linitiative.ca\/International\/wp-json\/wp\/v2\/users\/1788"}],"replies":[{"embeddable":true,"href":"https:\/\/linitiative.ca\/International\/wp-json\/wp\/v2\/comments?post=116338"}],"version-history":[{"count":0,"href":"https:\/\/linitiative.ca\/International\/wp-json\/wp\/v2\/posts\/116338\/revisions"}],"wp:attachment":[{"href":"https:\/\/linitiative.ca\/International\/wp-json\/wp\/v2\/media?parent=116338"}],"wp:term":[{"taxonomy":"category","embeddable":true,"href":"https:\/\/linitiative.ca\/International\/wp-json\/wp\/v2\/categories?post=116338"},{"taxonomy":"post_tag","embeddable":true,"href":"https:\/\/linitiative.ca\/International\/wp-json\/wp\/v2\/tags?post=116338"}],"curies":[{"name":"wp","href":"https:\/\/api.w.org\/{rel}","templated":true}]}}