{"id":116339,"date":"2021-05-07T11:25:51","date_gmt":"2021-05-07T15:25:51","guid":{"rendered":"https:\/\/linitiative.ca\/International\/les-dernieres-secousses-telluriques-a-driouch-des-repliques-a-la-secousse-principale-de-2016\/"},"modified":"2021-05-07T11:25:51","modified_gmt":"2021-05-07T15:25:51","slug":"les-dernieres-secousses-telluriques-a-driouch-des-repliques-a-la-secousse-principale-de-2016","status":"publish","type":"post","link":"https:\/\/linitiative.ca\/International\/les-dernieres-secousses-telluriques-a-driouch-des-repliques-a-la-secousse-principale-de-2016\/","title":{"rendered":"Les derni\u00e8res secousses telluriques \u00e0 Driouch, des r\u00e9pliques \u00e0 la secousse principale de 2016"},"content":{"rendered":"<p class=\"c4\">Au cours des deux derni\u00e8res semaines, la province de Driouch a connu de multiples secousses telluriques. Cela a pouss\u00e9 les habitants \u00e0 s\u2019interroger sur la cause derri\u00e8re ce ph\u00e9nom\u00e8ne qui a suscit\u00e9 les craintes qu\u2019elles ne soient les signes avant-coureurs d\u2019une secousse plus puissante.<\/p>\n<p class=\"c4\">L\u2019Institut national de g\u00e9ophysique (ING) avait annonc\u00e9 avoir enregistr\u00e9 cinq secousses telluriques dans la province de Driouch, d\u2019une magnitude comprise entre 3,5 et 4,5 degr\u00e9s sur l\u2019\u00e9chelle de Richter, les 17, 19, 24 et 28 avril et d\u00e9but mai.<\/p>\n<p class=\"c4\">Dans ce sillage, Nasser Jebbour, chef de division \u00e0 l\u2019ING, relevant du Centre national pour la recherche scientifique et technique (CNRST), a expliqu\u00e9 que les secousses enregistr\u00e9es r\u00e9cemment dans les provinces du nord, \u00e0 savoir Al Hoceima, Driouch et Nador sont des r\u00e9pliques qui suivent la secousse principale qui s\u2019est produite en janvier 2016, consid\u00e9r\u00e9e relativement violente avec une magnitude de 6,3 degr\u00e9s sur l\u2019\u00e9chelle de Richter.<\/p>\n<p class=\"c4\">Dans une d\u00e9claration \u00e0 M24, la cha\u00eene d\u2019information en continu de l\u2019Agence Marocaine de Presse (MAP), M. Jebbour a soulign\u00e9 que malgr\u00e9 la longue dur\u00e9e s\u00e9parant la secousse principale et les r\u00e9pliques, \u00ab\u00a0cela est normal\u00a0\u00bb.<\/p>\n<p class=\"c4\">Le retard des r\u00e9pliques est d\u00fb \u00e0 la g\u00e9ologie complexe de la bande c\u00f4ti\u00e8re nord adjacente \u00e0 la mer d\u2019Alboran ou la partie occidentale de la m\u00e9diterran\u00e9e, a-t-il poursuivi.<\/p>\n<p class=\"c4\">Ces activit\u00e9s sismiques ne sont pas pr\u00e9monitoires, a pr\u00e9cis\u00e9 l\u2019expert, relevant que celles qui pr\u00e9c\u00e8dent les secousses principales fortes sont diff\u00e9rentes, en termes de r\u00e9partition g\u00e9ographique et de magnitude, de ce qui a \u00e9t\u00e9 observ\u00e9 lors des secousses r\u00e9centes.<\/p>\n<p class=\"c4\">\u00ab\u00a0Ces secousses comblent un vide en mati\u00e8re d\u2019activit\u00e9 sismique dans la zone maritime. Nous nous sommes assur\u00e9s qu\u2019il s\u2019agit de r\u00e9pliques et non pas de secousses pr\u00e9monitoires\u00a0\u00bb, a-t-il rassur\u00e9.<\/p>\n<p class=\"c4\">Depuis deux semaines, une augmentation du nombre de secousses telluriques a \u00e9t\u00e9 observ\u00e9e dans les provinces du nord du Royaume par rapport aux ann\u00e9es pr\u00e9c\u00e9dentes, a indiqu\u00e9 M. Jebbour, notant que l\u2019ING a assur\u00e9 le suivi continu de cette activit\u00e9.<\/p>\n<p class=\"c4\">L\u2019Institut a enregistr\u00e9 les secousses ressenties par les citoyens. Il a \u00e9galement diffus\u00e9 les informations les concernant, alors que les secousses faibles que la population n\u2019a pas ressenti, ont \u00e9t\u00e9 inclues dans le tableau quotidien des secousses comme \u00e0 l\u2019accoutum\u00e9e, a-t-il ajout\u00e9.<\/p>\n<p class=\"c4\">Interrog\u00e9 sur les missions de l\u2019ING, le responsable a expliqu\u00e9 que l\u2019institut est charg\u00e9 de la surveillance et de l\u2019alerte sismique 24h\/24 et 7j\/7 en s\u2019appuyant sur un r\u00e9seau de stations sismiques r\u00e9parties sur tout le territoire du Royaume.<\/p>\n<p class=\"c4\">\u00ab\u00a0Gr\u00e2ce au d\u00e9veloppement technologique, l\u2019institut dispose d\u2019un r\u00e9seau num\u00e9rique pour la surveillance sismique. Ainsi, toutes les donn\u00e9es et les signaux sismiques lui sont envoy\u00e9s directement \u00e0 travers les satellites. Ce qui permet un contr\u00f4le en temps r\u00e9el\u00a0\u00bb, a-t-il fait valoir.<\/p>\n<p class=\"c4\">L\u2019ING dispose de 32 stations qui travaillent 24h\/24 et permettent de donner des informations au bout de quelques minutes apr\u00e8s toute secousse, notamment son \u00e9picentre, sa magnitude sur l\u2019\u00e9chelle de Richter et les zones o\u00f9 elle a \u00e9t\u00e9 ressentie.<\/p>\n<p class=\"c4\">En plus des stations existantes, on travaille sur l\u2019\u00e9largissement du r\u00e9seau national de surveillance sismique, a-t-il affirm\u00e9, ajoutant que dix nouvelles stations sismiques seront cr\u00e9\u00e9es, notamment deux \u00e0 La\u00e2youne et Smara.<\/p>\n<p class=\"c4\">L\u2019institut dispose depuis trois ans d\u2019un centre national d\u2019alerte aux tsunamis, qui veille sur la collecte des informations aupr\u00e8s de tous les observatoires mondiaux charg\u00e9s de la surveillance des tsunamis et sur la notification dans quelques minutes de toute secousse forte, a-t-il indiqu\u00e9, relevant que g\u00e9n\u00e9ralement, toute secousse de magnitude sup\u00e9rieure \u00e0 6 degr\u00e9s sur l\u2019\u00e9chelle de Richter est suivie d\u2019une alerte au tsunami.<\/p>\n<p class=\"c4\">Il existe des appareils de mesure du niveau de la mer, dans le cadre du syst\u00e8me d\u2019alerte au tsunami, qui permettent l\u2019alerte pr\u00e9coce et donnent assez de temps pour \u00e9vacuer les lieux expos\u00e9s \u00e0 ces vagues pouvant repr\u00e9senter un danger pour les habitants.<\/p>\n<p class=\"c4\">Il est \u00e0 noter qu\u2019en plus des secousses telluriques enregistr\u00e9es au niveau de la province de Driouch, d\u2019autres ont \u00e9t\u00e9 d\u00e9tect\u00e9es au cours des deux derni\u00e8res semaines \u00e0 Essaouira et \u00e0 Ouarzazate. La derni\u00e8re en date s\u2019est produite mercredi \u00e0 Ouarzazate avec une magnitude de 3 degr\u00e9s sur l\u2019\u00e9chelle de Richter.<\/p>\n<p>Auteur: Soufiane ELAHMAR<br \/>\n<a href=\"http:\/\/www.mapoujda.ma\/fr\/les-dernieres-secousses-telluriques-a-driouch-des-repliques-a-la-secousse-principale-de-2016\/\">Cliquez ici pour lire l&rsquo;article depuis sa source.<\/a><\/p>\n","protected":false},"excerpt":{"rendered":"<p>Au cours des deux derni\u00e8res semaines, la province de Driouch a connu de multiples secousses telluriques. Cela a pouss\u00e9 les habitants \u00e0 s\u2019interroger sur la cause derri\u00e8re ce ph\u00e9nom\u00e8ne qui a suscit\u00e9 les craintes qu\u2019elles ne soient les signes avant-coureurs d\u2019une secousse plus puissante. L\u2019Institut national de g\u00e9ophysique (ING) avait annonc\u00e9 avoir enregistr\u00e9 cinq secousses [&hellip;]<\/p>\n","protected":false},"author":1788,"featured_media":0,"comment_status":"closed","ping_status":"closed","sticky":false,"template":"","format":"standard","meta":{"fifu_image_url":"","fifu_image_alt":"","footnotes":""},"categories":[54,76],"tags":[],"class_list":["post-116339","post","type-post","status-publish","format-standard","hentry","category-maroc","category-regions"],"_links":{"self":[{"href":"https:\/\/linitiative.ca\/International\/wp-json\/wp\/v2\/posts\/116339","targetHints":{"allow":["GET"]}}],"collection":[{"href":"https:\/\/linitiative.ca\/International\/wp-json\/wp\/v2\/posts"}],"about":[{"href":"https:\/\/linitiative.ca\/International\/wp-json\/wp\/v2\/types\/post"}],"author":[{"embeddable":true,"href":"https:\/\/linitiative.ca\/International\/wp-json\/wp\/v2\/users\/1788"}],"replies":[{"embeddable":true,"href":"https:\/\/linitiative.ca\/International\/wp-json\/wp\/v2\/comments?post=116339"}],"version-history":[{"count":0,"href":"https:\/\/linitiative.ca\/International\/wp-json\/wp\/v2\/posts\/116339\/revisions"}],"wp:attachment":[{"href":"https:\/\/linitiative.ca\/International\/wp-json\/wp\/v2\/media?parent=116339"}],"wp:term":[{"taxonomy":"category","embeddable":true,"href":"https:\/\/linitiative.ca\/International\/wp-json\/wp\/v2\/categories?post=116339"},{"taxonomy":"post_tag","embeddable":true,"href":"https:\/\/linitiative.ca\/International\/wp-json\/wp\/v2\/tags?post=116339"}],"curies":[{"name":"wp","href":"https:\/\/api.w.org\/{rel}","templated":true}]}}