{"id":116341,"date":"2021-05-07T15:14:01","date_gmt":"2021-05-07T19:14:01","guid":{"rendered":"https:\/\/linitiative.ca\/International\/pros-ol-bonne-nouvelle-pour-slimani\/"},"modified":"2021-05-07T15:14:01","modified_gmt":"2021-05-07T19:14:01","slug":"pros-ol-bonne-nouvelle-pour-slimani","status":"publish","type":"post","link":"https:\/\/linitiative.ca\/International\/pros-ol-bonne-nouvelle-pour-slimani\/","title":{"rendered":"Pros : OL : Bonne nouvelle pour Slimani"},"content":{"rendered":"<div readability=\"32\">\n<p>Auteur : <span class=\"time\">vendredi 07 mai 2021 14:02<\/span><\/p>\n<\/div>\n<div id=\"post_core\" readability=\"54\">\n<p>En effet, plusieurs suspensions sont recens\u00e9s dans les rangs lyonnais, \u00e0 savoir : Caqueret, Marcelo, De Sciglio, ou encore Depay. Rajoutez \u00e0 cela les incertitudes autour de Denayer, Benlamri, et Bard, et vous obtenez une \u00e9quipe de l&rsquo;OL compl\u00e8tement remodel\u00e9e comme le souligne Onzemondial.\u00a0N\u00e9anmoins, si Rudi Garcia composera une charni\u00e8re centrale \u00e0 priori in\u00e9dite cette saison, il pourra s&rsquo;appuyer sur le retour d&rsquo;Islam Slimani, pourtant annonc\u00e9 incertain par le technicien fran\u00e7ais ce jeudi.<\/p>\n<p>Selon les indiscr\u00e9tions de L&rsquo;\u00c9quipe ce matin, \u00ab\u00a0Islam Slimani a pass\u00e9 la s\u00e9ance \u00e0 multiplier les exercices intenses avec le ballon en compagnie de C\u00e9dric Uras, l\u2019un des pr\u00e9parateurs physiques\u00a0\u00bb. L\u2019optimisme semblerait donc de rigueur pour sa pr\u00e9sence dans le groupe, ainsi que sa place de titulaire.<\/p>\n<p><strong>Publi\u00e9 dans :<\/strong> <span>slimani<\/span><\/p>\n<\/div>\n<p>Auteur:<br \/>\n<a href=\"http:\/\/www.lebuteur.com\/article\/detail?titre=ol-bonne-nouvelle-pour-slimani&#038;id=99980&#038;utm_source=feedburner&#038;utm_medium=feed&#038;utm_campaign=Feed%3A+GalerieFArtciles+%28Les+derniers+articles++-+lebuteur.com%29\">Cliquez ici pour lire l&rsquo;article depuis sa source.<\/a><\/p>\n","protected":false},"excerpt":{"rendered":"<p>Auteur : vendredi 07 mai 2021 14:02 En effet, plusieurs suspensions sont recens\u00e9s dans les rangs lyonnais, \u00e0 savoir : Caqueret, Marcelo, De Sciglio, ou encore Depay. Rajoutez \u00e0 cela les incertitudes autour de Denayer, Benlamri, et Bard, et vous obtenez une \u00e9quipe de l&rsquo;OL compl\u00e8tement remodel\u00e9e comme le souligne Onzemondial.\u00a0N\u00e9anmoins, si Rudi Garcia composera [&hellip;]<\/p>\n","protected":false},"author":1738,"featured_media":0,"comment_status":"closed","ping_status":"closed","sticky":false,"template":"","format":"standard","meta":{"fifu_image_url":"\/\/cdn.lebuteur.com\/data\/images\/article\/thumbs\/large-ol-bonne-nouvelle-pour-slimani-67296.jpg","fifu_image_alt":"Pros : OL : Bonne nouvelle pour Slimani","footnotes":""},"categories":[53,75],"tags":[],"class_list":["post-116341","post","type-post","status-publish","format-standard","hentry","category-algerie","category-sport"],"_links":{"self":[{"href":"https:\/\/linitiative.ca\/International\/wp-json\/wp\/v2\/posts\/116341","targetHints":{"allow":["GET"]}}],"collection":[{"href":"https:\/\/linitiative.ca\/International\/wp-json\/wp\/v2\/posts"}],"about":[{"href":"https:\/\/linitiative.ca\/International\/wp-json\/wp\/v2\/types\/post"}],"author":[{"embeddable":true,"href":"https:\/\/linitiative.ca\/International\/wp-json\/wp\/v2\/users\/1738"}],"replies":[{"embeddable":true,"href":"https:\/\/linitiative.ca\/International\/wp-json\/wp\/v2\/comments?post=116341"}],"version-history":[{"count":0,"href":"https:\/\/linitiative.ca\/International\/wp-json\/wp\/v2\/posts\/116341\/revisions"}],"wp:attachment":[{"href":"https:\/\/linitiative.ca\/International\/wp-json\/wp\/v2\/media?parent=116341"}],"wp:term":[{"taxonomy":"category","embeddable":true,"href":"https:\/\/linitiative.ca\/International\/wp-json\/wp\/v2\/categories?post=116341"},{"taxonomy":"post_tag","embeddable":true,"href":"https:\/\/linitiative.ca\/International\/wp-json\/wp\/v2\/tags?post=116341"}],"curies":[{"name":"wp","href":"https:\/\/api.w.org\/{rel}","templated":true}]}}