{"id":116344,"date":"2021-05-07T15:14:07","date_gmt":"2021-05-07T19:14:07","guid":{"rendered":"https:\/\/linitiative.ca\/International\/international-tottenham-le-successeur-de-kane-deja-identifie\/"},"modified":"2021-05-07T15:14:07","modified_gmt":"2021-05-07T19:14:07","slug":"international-tottenham-le-successeur-de-kane-deja-identifie","status":"publish","type":"post","link":"https:\/\/linitiative.ca\/International\/international-tottenham-le-successeur-de-kane-deja-identifie\/","title":{"rendered":"International : Tottenham : Le successeur de Kane d\u00e9j\u00e0 identifi\u00e9 ?"},"content":{"rendered":"<div readability=\"32\">\n<p>Auteur : <span class=\"time\">vendredi 07 mai 2021 17:15<\/span><\/p>\n<\/div>\n<div id=\"post_core\" readability=\"46\">\n<p>Si l\u2019international anglais venait \u00e0 quitter les Spurs, ce dernier pourrait \u00eatre remplac\u00e9 par un buteur su\u00e9dois. D&rsquo;apr\u00e8s Les-Transferts et Mirror, le club londonien s\u2019int\u00e9resserait de pr\u00e8s \u00e0 Alexander Isak. \u00c2g\u00e9 de 21 ans, ce dernier fait actuellement les beaux jours de la Real Sociedad o\u00f9 il dispose d\u2019un contrat jusqu\u2019en juin 2024.<\/p>\n<p>Auteur de 14 buts en 30 rencontres de championnat de Liga, le natif de Solna serait \u00e9galement dans le viseur du Borussia Dortmund. Pour rappel, les dirigeants disposerait d\u2019une clause de rachat de 30 millions d\u2019euros.<\/p>\n<p><strong>Publi\u00e9 dans :<\/strong> <span>Tottenham : Harry Kane<\/span><\/p>\n<\/div>\n<p>Auteur:<br \/>\n<a href=\"http:\/\/www.lebuteur.com\/article\/detail?titre=tottenham-le-successeur-de-kane-deja-identifie&#038;id=99983&#038;utm_source=feedburner&#038;utm_medium=feed&#038;utm_campaign=Feed%3A+GalerieFArtciles+%28Les+derniers+articles++-+lebuteur.com%29\">Cliquez ici pour lire l&rsquo;article depuis sa source.<\/a><\/p>\n","protected":false},"excerpt":{"rendered":"<p>Auteur : vendredi 07 mai 2021 17:15 Si l\u2019international anglais venait \u00e0 quitter les Spurs, ce dernier pourrait \u00eatre remplac\u00e9 par un buteur su\u00e9dois. D&rsquo;apr\u00e8s Les-Transferts et Mirror, le club londonien s\u2019int\u00e9resserait de pr\u00e8s \u00e0 Alexander Isak. \u00c2g\u00e9 de 21 ans, ce dernier fait actuellement les beaux jours de la Real Sociedad o\u00f9 il dispose [&hellip;]<\/p>\n","protected":false},"author":1738,"featured_media":0,"comment_status":"closed","ping_status":"closed","sticky":false,"template":"","format":"standard","meta":{"fifu_image_url":"\/\/cdn.lebuteur.com\/data\/images\/article\/thumbs\/large-tottenham-le-successeur-de-kane-deja-identifie-18fc3.jpg","fifu_image_alt":"International : Tottenham : Le successeur de Kane d\u00e9j\u00e0 identifi\u00e9 ?","footnotes":""},"categories":[53,75],"tags":[],"class_list":["post-116344","post","type-post","status-publish","format-standard","hentry","category-algerie","category-sport"],"_links":{"self":[{"href":"https:\/\/linitiative.ca\/International\/wp-json\/wp\/v2\/posts\/116344","targetHints":{"allow":["GET"]}}],"collection":[{"href":"https:\/\/linitiative.ca\/International\/wp-json\/wp\/v2\/posts"}],"about":[{"href":"https:\/\/linitiative.ca\/International\/wp-json\/wp\/v2\/types\/post"}],"author":[{"embeddable":true,"href":"https:\/\/linitiative.ca\/International\/wp-json\/wp\/v2\/users\/1738"}],"replies":[{"embeddable":true,"href":"https:\/\/linitiative.ca\/International\/wp-json\/wp\/v2\/comments?post=116344"}],"version-history":[{"count":0,"href":"https:\/\/linitiative.ca\/International\/wp-json\/wp\/v2\/posts\/116344\/revisions"}],"wp:attachment":[{"href":"https:\/\/linitiative.ca\/International\/wp-json\/wp\/v2\/media?parent=116344"}],"wp:term":[{"taxonomy":"category","embeddable":true,"href":"https:\/\/linitiative.ca\/International\/wp-json\/wp\/v2\/categories?post=116344"},{"taxonomy":"post_tag","embeddable":true,"href":"https:\/\/linitiative.ca\/International\/wp-json\/wp\/v2\/tags?post=116344"}],"curies":[{"name":"wp","href":"https:\/\/api.w.org\/{rel}","templated":true}]}}