{"id":116345,"date":"2021-05-07T15:14:09","date_gmt":"2021-05-07T19:14:09","guid":{"rendered":"https:\/\/linitiative.ca\/International\/international-super-ligue-luefa-applique-ses-premieres-sanctions\/"},"modified":"2021-05-07T15:14:09","modified_gmt":"2021-05-07T19:14:09","slug":"international-super-ligue-luefa-applique-ses-premieres-sanctions","status":"publish","type":"post","link":"https:\/\/linitiative.ca\/International\/international-super-ligue-luefa-applique-ses-premieres-sanctions\/","title":{"rendered":"International : Super Ligue : L&rsquo;UEFA applique ses premi\u00e8res sanctions"},"content":{"rendered":"<div readability=\"32\">\n<p>Auteur : <span class=\"time\">vendredi 07 mai 2021 19:08<\/span><\/p>\n<\/div>\n<div id=\"post_core\" readability=\"58\">\n<p>Les neuf clubs ayant renonc\u00e9, d\u00e9sormais officiellement, \u00e0 la comp\u00e9tition mort-n\u00e9e, se sont engag\u00e9s sur un certain nombre de points avec l&rsquo;UEFA, et notamment \u00e0 payer une quinzaine de millions d\u2019euros en guise de punition comme l&rsquo;indique Sport24. Une somme qui sera vers\u00e9e au profit \u00ab\u00a0des enfants, des jeunes et du football de base dans les communaut\u00e9s locales \u00e0 travers l&rsquo;Europe, y compris le Royaume-Uni\u00a0\u00bb, comme l\u2019indique l\u2019UEFA ce vendredi, dans un communiqu\u00e9.<\/p>\n<p>Ils feront aussi l\u2019objet d\u2019une retenue \u00e0 hauteur de 5% sur les revenus qu\u2019ils toucheront lors de leur prochaine campagne europ\u00e9enne et ont sign\u00e9 un accord qui pr\u00e9voit des amendes substantielles en cas de participation \u00e0 une comp\u00e9tition non-autoris\u00e9e par l\u2019UEFA (100 M\u20ac) ou s\u2019ils contreviennent \u00e0 l\u2019accord officialis\u00e9 ce jour (50 M\u20ac). Rappelons qu\u2019il est ici question de six clubs anglais (Arsenal, Chelsea, Liverpool, Manchester City, Manchester United et Tottenham), deux \u00e9quipes italiennes (AC Milan, Inter Milan) et un repr\u00e9sentant de la Liga espagnole (Atl\u00e9tico). Quid du Real Madrid, du FC Barcelone et de la Juventus, qui n\u2019ont toujours pas renonc\u00e9 officiellement \u00e0 la Super Ligue\u00a0? \u00ab\u00a0La question des autres clubs impliqu\u00e9s dans la soi-disant \u00ab\u00a0Super League\u00a0\u00bb sera renvoy\u00e9e aux instances disciplinaires comp\u00e9tentes de l&rsquo;UEFA\u00a0\u00bb, pr\u00e9cise l\u2019instance europ\u00e9enne, sans plus de pr\u00e9cision sur ce que risquent ces trois clubs.<\/p>\n<p><strong>Publi\u00e9 dans :<\/strong> <span>UEFA<\/span><\/p>\n<\/div>\n<p>Auteur:<br \/>\n<a href=\"http:\/\/www.lebuteur.com\/article\/detail?titre=super-ligue-luefa-applique-ses-premieres-sanctions&#038;id=99984&#038;utm_source=feedburner&#038;utm_medium=feed&#038;utm_campaign=Feed%3A+GalerieFArtciles+%28Les+derniers+articles++-+lebuteur.com%29\">Cliquez ici pour lire l&rsquo;article depuis sa source.<\/a><\/p>\n","protected":false},"excerpt":{"rendered":"<p>Auteur : vendredi 07 mai 2021 19:08 Les neuf clubs ayant renonc\u00e9, d\u00e9sormais officiellement, \u00e0 la comp\u00e9tition mort-n\u00e9e, se sont engag\u00e9s sur un certain nombre de points avec l&rsquo;UEFA, et notamment \u00e0 payer une quinzaine de millions d\u2019euros en guise de punition comme l&rsquo;indique Sport24. Une somme qui sera vers\u00e9e au profit \u00ab\u00a0des enfants, des [&hellip;]<\/p>\n","protected":false},"author":1738,"featured_media":0,"comment_status":"closed","ping_status":"closed","sticky":false,"template":"","format":"standard","meta":{"fifu_image_url":"\/\/cdn.lebuteur.com\/data\/images\/article\/thumbs\/large-super-ligue-luefa-applique-ses-premieres-sanctions-2ce69.jpg","fifu_image_alt":"International : Super Ligue : L'UEFA applique ses premi\u00e8res sanctions","footnotes":""},"categories":[53,75],"tags":[],"class_list":["post-116345","post","type-post","status-publish","format-standard","hentry","category-algerie","category-sport"],"_links":{"self":[{"href":"https:\/\/linitiative.ca\/International\/wp-json\/wp\/v2\/posts\/116345","targetHints":{"allow":["GET"]}}],"collection":[{"href":"https:\/\/linitiative.ca\/International\/wp-json\/wp\/v2\/posts"}],"about":[{"href":"https:\/\/linitiative.ca\/International\/wp-json\/wp\/v2\/types\/post"}],"author":[{"embeddable":true,"href":"https:\/\/linitiative.ca\/International\/wp-json\/wp\/v2\/users\/1738"}],"replies":[{"embeddable":true,"href":"https:\/\/linitiative.ca\/International\/wp-json\/wp\/v2\/comments?post=116345"}],"version-history":[{"count":0,"href":"https:\/\/linitiative.ca\/International\/wp-json\/wp\/v2\/posts\/116345\/revisions"}],"wp:attachment":[{"href":"https:\/\/linitiative.ca\/International\/wp-json\/wp\/v2\/media?parent=116345"}],"wp:term":[{"taxonomy":"category","embeddable":true,"href":"https:\/\/linitiative.ca\/International\/wp-json\/wp\/v2\/categories?post=116345"},{"taxonomy":"post_tag","embeddable":true,"href":"https:\/\/linitiative.ca\/International\/wp-json\/wp\/v2\/tags?post=116345"}],"curies":[{"name":"wp","href":"https:\/\/api.w.org\/{rel}","templated":true}]}}