{"id":116346,"date":"2021-05-07T12:03:01","date_gmt":"2021-05-07T16:03:01","guid":{"rendered":"https:\/\/linitiative.ca\/International\/v-116-le-hirak-change-ditineraire\/"},"modified":"2021-05-07T12:03:01","modified_gmt":"2021-05-07T16:03:01","slug":"v-116-le-hirak-change-ditineraire","status":"publish","type":"post","link":"https:\/\/linitiative.ca\/International\/v-116-le-hirak-change-ditineraire\/","title":{"rendered":"V 116 : Le Hirak change d\u2019itin\u00e9raire"},"content":{"rendered":"<h4 class=\"title-14\"\/>\n<div class=\"featured_image\"><img loading=\"lazy\" decoding=\"async\" width=\"528\" height=\"387\" src=\"https:\/\/www.elwatan.com\/wp-content\/uploads\/2021\/05\/PSX_20210507_170146.jpg\" class=\"attachment-post-thumbnail size-post-thumbnail wp-post-image\" alt=\"\" srcset=\"https:\/\/www.elwatan.com\/wp-content\/uploads\/2021\/05\/PSX_20210507_170146.jpg 528w, https:\/\/www.elwatan.com\/wp-content\/uploads\/2021\/05\/PSX_20210507_170146-300x220.jpg 300w\" sizes=\"auto, (max-width: 528px) 100vw, 528px\"\/><\/div>\n<p><em><strong>Les alg\u00e9riens sont sortis en masse, dans la capitale, aujourd\u2019hui 7 mai, 116e vendredi du Hirak.<\/strong><\/em><\/p>\n<p>Les nombreux manifestants qui ont march\u00e9 de Bab El Oued, comme point de d\u00e9part, et qui ont l\u2019habitude de se diriger vers Audin, en passant par avenue Pasteur, ont pris, cette fois-ci, le dispositif de s\u00e9curit\u00e9 de cours en changeant d\u2019itin\u00e9raire.<\/p>\n<p>En effet, arrivant au niveau de la Grande Poste, venant par rue Asselah comme d\u2019habitude, les manifestants ont d\u00e9cid\u00e9 finalement de continuer sur boulevard Amirouche au lieu de monter vers Pasteur.<\/p>\n<p>Un itin\u00e9raire qui n\u2019a pas \u00e9t\u00e9 emprunt\u00e9 depuis bien longtemps.<\/p>\n<p>Les marcheurs ont continu\u00e9 par la suite sur rue Hassiba, Belouizdad jusqu\u2019au niveau de Ruisseau.<\/p>\n<p>Si les manifestants qui \u00e9taient en t\u00eate ont choisi cette itin\u00e9raire c\u2019est pour, selon certains d\u2019entre eux, \u00e9viter d\u2019\u00e9ventuelles \u00e9chauffour\u00e9es avec les services de s\u00e9curit\u00e9, au niveau de Didouche Mourad comme cela s\u2019est pass\u00e9 vendredi pass\u00e9, lorsque les policiers ont bloqu\u00e9 l\u2019acc\u00e8s \u00e0 un point inhabituel.<\/p>\n<p>A noter que les manifestants ont scand\u00e9, durant ce 116e vendredi, les slogans habituels, dans lesquels ils r\u00e9clament le \u00abd\u00e9part du syst\u00e8me\u00bb mais aussi de rejet des \u00e9lections du 12 juin prochain.<\/p>\n<p><span class=\"post-views-label\">Post Views:<\/span> <span class=\"post-views-count\">6\u00a0014<\/span><\/p>\n<p><br class=\"c3\"\/><\/p>\n<div class=\"ichhar-moneytagnative c5\" id=\"ichhar-1045097416\">\n<p>Advertisements<\/p>\n<\/div>\n<p><br class=\"c3\"\/><br \/>\n<br class=\"c6\"\/><\/p>\n<p>Auteur: Mohand Yahiaoui<br \/>\n<a href=\"https:\/\/www.elwatan.com\/edition\/actualite\/v-116-le-hirak-change-ditineraire-07-05-2021\">Cliquez ici pour lire l&rsquo;article depuis sa source.<\/a><\/p>\n","protected":false},"excerpt":{"rendered":"<p>Les alg\u00e9riens sont sortis en masse, dans la capitale, aujourd\u2019hui 7 mai, 116e vendredi du Hirak. Les nombreux manifestants qui ont march\u00e9 de Bab El Oued, comme point de d\u00e9part, et qui ont l\u2019habitude de se diriger vers Audin, en passant par avenue Pasteur, ont pris, cette fois-ci, le dispositif de s\u00e9curit\u00e9 de cours en [&hellip;]<\/p>\n","protected":false},"author":1743,"featured_media":0,"comment_status":"closed","ping_status":"closed","sticky":false,"template":"","format":"standard","meta":{"fifu_image_url":"https:\/\/www.elwatan.com\/wp-content\/uploads\/2021\/05\/PSX_20210507_170146.jpg","fifu_image_alt":"V 116 : Le Hirak change d\u2019itin\u00e9raire","footnotes":""},"categories":[73,53],"tags":[],"class_list":["post-116346","post","type-post","status-publish","format-standard","hentry","category-actualite","category-algerie"],"_links":{"self":[{"href":"https:\/\/linitiative.ca\/International\/wp-json\/wp\/v2\/posts\/116346","targetHints":{"allow":["GET"]}}],"collection":[{"href":"https:\/\/linitiative.ca\/International\/wp-json\/wp\/v2\/posts"}],"about":[{"href":"https:\/\/linitiative.ca\/International\/wp-json\/wp\/v2\/types\/post"}],"author":[{"embeddable":true,"href":"https:\/\/linitiative.ca\/International\/wp-json\/wp\/v2\/users\/1743"}],"replies":[{"embeddable":true,"href":"https:\/\/linitiative.ca\/International\/wp-json\/wp\/v2\/comments?post=116346"}],"version-history":[{"count":0,"href":"https:\/\/linitiative.ca\/International\/wp-json\/wp\/v2\/posts\/116346\/revisions"}],"wp:attachment":[{"href":"https:\/\/linitiative.ca\/International\/wp-json\/wp\/v2\/media?parent=116346"}],"wp:term":[{"taxonomy":"category","embeddable":true,"href":"https:\/\/linitiative.ca\/International\/wp-json\/wp\/v2\/categories?post=116346"},{"taxonomy":"post_tag","embeddable":true,"href":"https:\/\/linitiative.ca\/International\/wp-json\/wp\/v2\/tags?post=116346"}],"curies":[{"name":"wp","href":"https:\/\/api.w.org\/{rel}","templated":true}]}}