{"id":116348,"date":"2021-05-07T16:36:46","date_gmt":"2021-05-07T20:36:46","guid":{"rendered":"https:\/\/linitiative.ca\/International\/sous-le-signe-de-solidarite-avec-les-pompiers-a-bouira\/"},"modified":"2021-05-07T16:36:46","modified_gmt":"2021-05-07T20:36:46","slug":"sous-le-signe-de-solidarite-avec-les-pompiers-a-bouira","status":"publish","type":"post","link":"https:\/\/linitiative.ca\/International\/sous-le-signe-de-solidarite-avec-les-pompiers-a-bouira\/","title":{"rendered":"Sous le signe de solidarit\u00e9 avec les pompiers \u00e0 Bouira"},"content":{"rendered":"<h4 class=\"title-14\"\/>\n<div class=\"featured_image\"><img loading=\"lazy\" decoding=\"async\" width=\"1187\" height=\"835\" src=\"https:\/\/www.elwatan.com\/wp-content\/uploads\/2021\/05\/Hirak-\u00e0-Bouira.jpg\" class=\"attachment-post-thumbnail size-post-thumbnail wp-post-image\" alt=\"\" srcset=\"https:\/\/www.elwatan.com\/wp-content\/uploads\/2021\/05\/Hirak-\u00e0-Bouira.jpg 1187w, https:\/\/www.elwatan.com\/wp-content\/uploads\/2021\/05\/Hirak-\u00e0-Bouira-300x211.jpg 300w, https:\/\/www.elwatan.com\/wp-content\/uploads\/2021\/05\/Hirak-\u00e0-Bouira-768x540.jpg 768w, https:\/\/www.elwatan.com\/wp-content\/uploads\/2021\/05\/Hirak-\u00e0-Bouira-1024x720.jpg 1024w\" sizes=\"auto, (max-width: 1187px) 100vw, 1187px\"\/> <span class=\"featured-image-caption\">Photo : El Watan<\/span><\/div>\n<p><strong><em>Bouira, 116<sup>e<\/sup> vendredi de mobilisation citoyenne. Toujours aussi d\u00e9termin\u00e9s, des centaines de manifestants ont d\u00e9fil\u00e9 calmement en d\u00e9but d\u2019apr\u00e8s-midi d\u2019hier, dans les rues du chef-lieu de wilaya.<\/em><\/strong><\/p>\n<p>La manifestation d\u2019aujourd\u2019hui, a port\u00e9 quand m\u00eame un cachet particulier, puisque elle survient apr\u00e8s la r\u00e9pression qui avait marqu\u00e9 dimanche dernier, la marche pacifique organis\u00e9e par des agents de la protection civile \u00e0 Alger.<\/p>\n<p>La foule a exprim\u00e9 sa solidarit\u00e9 et son soutien aux pompiers suspendus (230 \u00e9l\u00e9ments, ndlr) pour avoir particip\u00e9 \u00e0 une marche pacifique dont les revendications tournent essentiellement \u00e0 l\u2019am\u00e9lioration de leurs conditions de travail et salariales. <em>\u00ab Ya el Himaya bravo alikom, la police tadhreb fikoum \u00bb, \u00ab Bravo \u00e0 la protection civile et \u00e0 la police qui ont r\u00e9prim\u00e9 \u2026.\u00bb,<\/em> scandant avec plein d\u2019humour les marcheurs. Reprenant \u00e9galement les slogans traditionnels du Hirak, comme, \u00ab Manache habssine hatta iroho ga3\u00bb (On ne s\u2019arr\u00eatera pas jusqu\u2019\u00e0 leur d\u00e9part tous) et \u00ab Goulna eliissaba Trouh \u00bb, les protestataires ont fait aussi, part de leur refus cat\u00e9gorique des prochaines \u00e9lections l\u00e9gislatives pr\u00e9vues le 12 juin.<\/p>\n<p><em>\u00ab Comment peut-on cautionner une \u00e9lection marqu\u00e9e non seulement par le retour des personnes ayant contribu\u00e9 dans le pass\u00e9 \u00e0 la faillite du pays, tant sur le plan \u00e9conomique et politique, et aussi dans un contexte ou le peuple ne cesse de r\u00e9clamer un changement radical du syst\u00e8me \u00bb,<\/em> a estim\u00e9 un participant \u00e0 la marche d\u2019hier portant une pancarte sur laquelle on pouvait lire : <em>\u00ab\u00a0 L\u2019ouverture officielle du championnat national de la course de 5000 m\u00e8tres de l\u2019argent sale pour les partis politiques \u00bb.<\/em><\/p>\n<p>Les manifestants qui se sont dispers\u00e9 dans le calme, ont r\u00e9it\u00e9r\u00e9 l\u2019exigence de la lib\u00e9ration sans condition des d\u00e9tenus d\u2019opinion et cesser toutes poursuites judiciaires \u00e0 l\u2019encontre des activistes et militants politiques.<\/p>\n<p><span class=\"post-views-label\">Post Views:<\/span> <span class=\"post-views-count\">23<\/span><\/p>\n<p><br class=\"c3\"\/><\/p>\n<div class=\"ichhar-moneytagnative c5\" id=\"ichhar-898789395\">\n<p>Advertisements<\/p>\n<\/div>\n<p><br class=\"c3\"\/><br \/>\n<br class=\"c6\"\/><\/p>\n<p>Auteur: Mohand Yahiaoui<br \/>\n<a href=\"https:\/\/www.elwatan.com\/edition\/actualite\/sous-le-signe-de-solidarite-avec-les-pompiers-a-bouira-07-05-2021\">Cliquez ici pour lire l&rsquo;article depuis sa source.<\/a><\/p>\n","protected":false},"excerpt":{"rendered":"<p>Photo : El Watan Bouira, 116e vendredi de mobilisation citoyenne. Toujours aussi d\u00e9termin\u00e9s, des centaines de manifestants ont d\u00e9fil\u00e9 calmement en d\u00e9but d\u2019apr\u00e8s-midi d\u2019hier, dans les rues du chef-lieu de wilaya. La manifestation d\u2019aujourd\u2019hui, a port\u00e9 quand m\u00eame un cachet particulier, puisque elle survient apr\u00e8s la r\u00e9pression qui avait marqu\u00e9 dimanche dernier, la marche pacifique [&hellip;]<\/p>\n","protected":false},"author":1743,"featured_media":0,"comment_status":"closed","ping_status":"closed","sticky":false,"template":"","format":"standard","meta":{"fifu_image_url":"https:\/\/www.elwatan.com\/wp-content\/uploads\/2021\/05\/Hirak-\u00e0-Bouira.jpg","fifu_image_alt":"Sous le signe de solidarit\u00e9 avec les pompiers \u00e0 Bouira","footnotes":""},"categories":[73,53],"tags":[],"class_list":["post-116348","post","type-post","status-publish","format-standard","hentry","category-actualite","category-algerie"],"_links":{"self":[{"href":"https:\/\/linitiative.ca\/International\/wp-json\/wp\/v2\/posts\/116348","targetHints":{"allow":["GET"]}}],"collection":[{"href":"https:\/\/linitiative.ca\/International\/wp-json\/wp\/v2\/posts"}],"about":[{"href":"https:\/\/linitiative.ca\/International\/wp-json\/wp\/v2\/types\/post"}],"author":[{"embeddable":true,"href":"https:\/\/linitiative.ca\/International\/wp-json\/wp\/v2\/users\/1743"}],"replies":[{"embeddable":true,"href":"https:\/\/linitiative.ca\/International\/wp-json\/wp\/v2\/comments?post=116348"}],"version-history":[{"count":0,"href":"https:\/\/linitiative.ca\/International\/wp-json\/wp\/v2\/posts\/116348\/revisions"}],"wp:attachment":[{"href":"https:\/\/linitiative.ca\/International\/wp-json\/wp\/v2\/media?parent=116348"}],"wp:term":[{"taxonomy":"category","embeddable":true,"href":"https:\/\/linitiative.ca\/International\/wp-json\/wp\/v2\/categories?post=116348"},{"taxonomy":"post_tag","embeddable":true,"href":"https:\/\/linitiative.ca\/International\/wp-json\/wp\/v2\/tags?post=116348"}],"curies":[{"name":"wp","href":"https:\/\/api.w.org\/{rel}","templated":true}]}}