{"id":116352,"date":"2021-05-07T11:27:00","date_gmt":"2021-05-07T15:27:00","guid":{"rendered":"https:\/\/linitiative.ca\/International\/le-colonel-mohamed-kasdallah-est-decede\/"},"modified":"2021-05-07T11:27:00","modified_gmt":"2021-05-07T15:27:00","slug":"le-colonel-mohamed-kasdallah-est-decede","status":"publish","type":"post","link":"https:\/\/linitiative.ca\/International\/le-colonel-mohamed-kasdallah-est-decede\/","title":{"rendered":"Le colonel Mohamed Kasdallah est d\u00e9c\u00e9d\u00e9"},"content":{"rendered":"<p>Fin lettr\u00e9, strat\u00e8ge et officier sup\u00e9rieur distingu\u00e9, le colonel Mohamed Kasdallah est d\u00e9c\u00e9d\u00e9 aujourd\u2019hui \u00e0 l\u2019\u00e2ge de 77 ans, \u00e0 l\u2019issue d\u2019un courageux combat contre le Covid. Parfaitement trilingue (arabe, fran\u00e7ais et anglais), il gratifiait les lecteurs de Leaders, depuis des ann\u00e9es, de ses analyses perspicaces, soigneusement r\u00e9dig\u00e9es.<\/p>\n<p>Le colonel Mohamed Kasdallah, n\u00e9 \u00e0 Sfax le 8 f\u00e9vrier 1944, avait rejoint l\u2019arm\u00e9e nationale en 1965 (Promotion Farhat Hached) et suivi une formation en France dans l\u2019infanterie. Il sera \u00e9galement dipl\u00f4m\u00e9 de l\u2019Ecole d\u2019Etat-Major, de l\u2019Ecole sup\u00e9rieure de Guerre au Royaume uni et de l\u2019Institut de D\u00e9fense nationale.<\/p>\n<p>Au cours de sa carri\u00e8re, le colonel Kasdallah assumera une s\u00e9rie de commandement, notamment en qualit\u00e9 de l\u2019Ecole d\u2019application des armes et de l\u2019Ecole pr\u00e9paratoire \u00e0 l\u2019Acad\u00e9mie militaire. Il sera affect\u00e9 en qualit\u00e9 d\u2019Attach\u00e9 militaire aupr\u00e8s de l\u2019ambassade de Tunisie \u00e0 Alger et servira au Cambodge en mission de maintien de paix sous la banni\u00e8re des casques bleus de l\u2019ONU. Son engagement et ses hautes comp\u00e9tences lui vaudront de prestigieuses d\u00e9corations tunisiennes et de l\u2019ONU : la M\u00e9daille militaire, l\u2019Ordre de la R\u00e9publique, et la M\u00e9daille de l\u2019ONU pour le Cambodge.<\/p>\n<p>Le colonel Kasdallah est dou\u00e9 d\u2019une belle plume et anim\u00e9 d\u2019une foi in\u00e9branlable dans la valeur des forces arm\u00e9es tunisiennes. Admis \u00e0 faire valoir ses droits \u00e0 la retraite, \u00e0 partir du 1er mars 2004, il partagera sa vie entre sa famille (p\u00e8re de trois enfants), la lecture et l\u2019\u00e9criture. Discret, ne cherchant gu\u00e8re \u00e0 se mettre en avant, il prom\u00e8ne sur les questions de s\u00e9curit\u00e9 \/ d\u00e9fense un regard perspicace. Sa mission en Asie, au sein du contingent tunisien d\u00e9ploy\u00e9 au Cambodge, a particuli\u00e8rement \u00e9largi sa vision du monde et enrichi ses connaissances d\u2019un contexte politique, g\u00e9ographique et militaire diff\u00e9rent du n\u00f4tre ou de l\u2019Europe. Se \u00e9crits seront alors nourris d\u2019une r\u00e9flexion profonde et d\u2019une exp\u00e9rience op\u00e9rationnelle.<\/p>\n<p>Tout r\u00e9cemment, je l\u2019appelai pour lui pr\u00e9senter mes condol\u00e9ances suite au d\u00e9c\u00e8s du G\u00e9n\u00e9ral de Corps d\u2019Arm\u00e9e, Youssef Baraket qui s\u2019\u00e9tait \u00e9teint le 4 avril dernier. A chaud, il lui avait d\u00e9j\u00e0 rendu, ainsi que le G\u00e9n\u00e9ral de Brigade Mohamed Nafiti, un vibrant hommage.\u00a0Il en \u00e9tait tr\u00e8s affect\u00e9. Puis, il m\u2019apprend qu\u2019il avait \u00e9t\u00e9 atteint par le Covid et se trouvait en soins \u00e0 l\u2019h\u00f4pital militaire. Ayant servi sous le commandement du G\u00e9n\u00e9ral Baraket qui avait fortement marqu\u00e9 sa carri\u00e8re, il aurait tant aim\u00e9 lui conscrer un texte plus fouill\u00e9 \u00e0 publier sur Leaders, n\u2019\u00e9tait-ce son hospitalisation. Mais, d\u2019embl\u00e9e, il recommanda le Colonel-Major Mohamed Ahmed pour s\u2019en charger (ce qui a \u00e9t\u00e9 fait). Ses derni\u00e8res paroles se voulaient rassurantes : \u00ab Hamdoullah! Je vais mieux. Dans quelques jours je quitterai l\u2019h\u00f4pital et vous promet un bel article. \u00bb<\/p>\n<p>Tout au long de cette semaine, j\u2019ai essay\u00e9 d\u2019appeler le colonel Kasdallah pour prendre de ses nouvelles. Son t\u00e9l\u00e9phone ne r\u00e9pondait pas. Le pire que je craignais \u00e9tait advenu. Allah Yerhamou.<br \/>\u00a0<\/p>\n<p>Auteur:<br \/>\n<a href=\"https:\/\/www.leaders.com.tn\/article\/31848-mohamed-kasdallah\">Cliquez ici pour lire l&rsquo;article depuis sa source.<\/a><\/p>\n","protected":false},"excerpt":{"rendered":"<p>Fin lettr\u00e9, strat\u00e8ge et officier sup\u00e9rieur distingu\u00e9, le colonel Mohamed Kasdallah est d\u00e9c\u00e9d\u00e9 aujourd\u2019hui \u00e0 l\u2019\u00e2ge de 77 ans, \u00e0 l\u2019issue d\u2019un courageux combat contre le Covid. Parfaitement trilingue (arabe, fran\u00e7ais et anglais), il gratifiait les lecteurs de Leaders, depuis des ann\u00e9es, de ses analyses perspicaces, soigneusement r\u00e9dig\u00e9es. Le colonel Mohamed Kasdallah, n\u00e9 \u00e0 Sfax [&hellip;]<\/p>\n","protected":false},"author":1772,"featured_media":0,"comment_status":"closed","ping_status":"closed","sticky":false,"template":"","format":"standard","meta":{"fifu_image_url":"","fifu_image_alt":"","footnotes":""},"categories":[73,55],"tags":[],"class_list":["post-116352","post","type-post","status-publish","format-standard","hentry","category-actualite","category-tunisie"],"_links":{"self":[{"href":"https:\/\/linitiative.ca\/International\/wp-json\/wp\/v2\/posts\/116352","targetHints":{"allow":["GET"]}}],"collection":[{"href":"https:\/\/linitiative.ca\/International\/wp-json\/wp\/v2\/posts"}],"about":[{"href":"https:\/\/linitiative.ca\/International\/wp-json\/wp\/v2\/types\/post"}],"author":[{"embeddable":true,"href":"https:\/\/linitiative.ca\/International\/wp-json\/wp\/v2\/users\/1772"}],"replies":[{"embeddable":true,"href":"https:\/\/linitiative.ca\/International\/wp-json\/wp\/v2\/comments?post=116352"}],"version-history":[{"count":0,"href":"https:\/\/linitiative.ca\/International\/wp-json\/wp\/v2\/posts\/116352\/revisions"}],"wp:attachment":[{"href":"https:\/\/linitiative.ca\/International\/wp-json\/wp\/v2\/media?parent=116352"}],"wp:term":[{"taxonomy":"category","embeddable":true,"href":"https:\/\/linitiative.ca\/International\/wp-json\/wp\/v2\/categories?post=116352"},{"taxonomy":"post_tag","embeddable":true,"href":"https:\/\/linitiative.ca\/International\/wp-json\/wp\/v2\/tags?post=116352"}],"curies":[{"name":"wp","href":"https:\/\/api.w.org\/{rel}","templated":true}]}}