{"id":116354,"date":"2021-05-07T11:09:55","date_gmt":"2021-05-07T15:09:55","guid":{"rendered":"https:\/\/linitiative.ca\/International\/micro-credit-ce-que-prevoit-le-projet-de-loi-adopte-en-conseil-de-gouvernement\/"},"modified":"2021-05-07T11:09:55","modified_gmt":"2021-05-07T15:09:55","slug":"micro-credit-ce-que-prevoit-le-projet-de-loi-adopte-en-conseil-de-gouvernement","status":"publish","type":"post","link":"https:\/\/linitiative.ca\/International\/micro-credit-ce-que-prevoit-le-projet-de-loi-adopte-en-conseil-de-gouvernement\/","title":{"rendered":"Micro-cr\u00e9dit : ce que pr\u00e9voit le projet de loi adopt\u00e9 en Conseil de gouvernement"},"content":{"rendered":"<p><strong>Le dernier Conseil de gouvernement a adopt\u00e9 un projet de loi relatif au micro-cr\u00e9dit. Voici ce qu\u2019il faut retenir sur ce texte.<\/strong><\/p>\n<div class=\"c10\">\n<\/div>\n<p>Le projet de loi n\u00b0 50.20 relatif au micro-cr\u00e9dit a \u00e9t\u00e9 adopt\u00e9 en Conseil de gouvernement. Ce projet de loi fixe par un d\u00e9cret le plafond des micro-cr\u00e9dits et clarifie le syst\u00e8me de liquidation des associations de microfinance dont l\u2019accr\u00e9ditation n\u2019a pas \u00e9t\u00e9 encore retir\u00e9e. Force est de pr\u00e9ciser aussi que ce projet vise \u00e0 adapter les dispositions de cette loi avec celles du droit bancaire et d\u2019assurer une repr\u00e9sentation unique pour les \u00e9tablissements du micro-cr\u00e9dit peu importe leur forme juridique.<\/p>\n<p><strong>Lire aussi| <a href=\"https:\/\/www.challenge.ma\/hcp-une-repartition-inegalitaire-des-revenus-et-socialement-intolerable-183768\/\" target=\"_blank\" rel=\"noreferrer noopener\">HCP : une r\u00e9partition in\u00e9galitaire des revenus et socialement intol\u00e9rable<\/a><\/strong><\/p>\n<p>\u00ab\u00a0Le secteur du micro-cr\u00e9dit occupe une place particuli\u00e8re au niveau du syst\u00e8me financier marocain, dans la mesure o\u00f9 il repr\u00e9sente un levier majeur pour le renforcement de l\u2019inclusion financi\u00e8re, la lutte contre la pauvret\u00e9 et l\u2019inclusion des cat\u00e9gories vuln\u00e9rables sur le plan \u00e9conomique, et ce par le biais du financement des activit\u00e9s g\u00e9n\u00e9ratrices de revenus\u00a0\u00bb, a expliqu\u00e9 Saaid Amzazi, ministre de l\u2019\u00c9ducation nationale, et Porte-parole du gouvernement.<\/p>\n<p><strong>Lire aussi| <a href=\"https:\/\/www.challenge.ma\/le-groupe-raji-introduit-en-bourse-sa-filiale-cosmos-electro-183346\/\" target=\"_blank\" rel=\"noreferrer noopener\">Le groupe RAJI introduit en bourse sa filiale Cosmos Electro<\/a><\/strong><\/p>\n<p>\u00ab\u00a0Il a fallu mettre en place un cadre l\u00e9gal qui vise \u00e0 faire conna\u00eetre les \u00e9tablissements de la microfinance et leur activit\u00e9 qui comprend l\u2019octroi des micro-cr\u00e9dits et les op\u00e9rations de la micro-assurance, selon la r\u00e9glementation en vigueur, ainsi que les possibilit\u00e9s offertes par la loi en termes de cr\u00e9ation de ces \u00e9tablissements, qui peuvent opter pour deux statuts, en l\u2019occurrence, une association assimil\u00e9e \u00e0 un \u00e9tablissement de cr\u00e9dit ou une soci\u00e9t\u00e9 par actions assimil\u00e9e \u00e0 un \u00e9tablissement de cr\u00e9dit\u00a0\u00bb, a-t-il ajout\u00e9.<\/p>\n<p>Auteur: challenge<br \/>\n<a href=\"https:\/\/www.challenge.ma\/micro-credit-ce-que-prevoit-le-projet-de-loi-adopte-en-conseil-de-gouvernement-183923\/\">Cliquez ici pour lire l&rsquo;article depuis sa source.<\/a><\/p>\n","protected":false},"excerpt":{"rendered":"<p>Le dernier Conseil de gouvernement a adopt\u00e9 un projet de loi relatif au micro-cr\u00e9dit. Voici ce qu\u2019il faut retenir sur ce texte. Le projet de loi n\u00b0 50.20 relatif au micro-cr\u00e9dit a \u00e9t\u00e9 adopt\u00e9 en Conseil de gouvernement. Ce projet de loi fixe par un d\u00e9cret le plafond des micro-cr\u00e9dits et clarifie le syst\u00e8me de [&hellip;]<\/p>\n","protected":false},"author":1787,"featured_media":0,"comment_status":"closed","ping_status":"closed","sticky":false,"template":"","format":"standard","meta":{"fifu_image_url":"","fifu_image_alt":"","footnotes":""},"categories":[78,54],"tags":[],"class_list":["post-116354","post","type-post","status-publish","format-standard","hentry","category-economie","category-maroc"],"_links":{"self":[{"href":"https:\/\/linitiative.ca\/International\/wp-json\/wp\/v2\/posts\/116354","targetHints":{"allow":["GET"]}}],"collection":[{"href":"https:\/\/linitiative.ca\/International\/wp-json\/wp\/v2\/posts"}],"about":[{"href":"https:\/\/linitiative.ca\/International\/wp-json\/wp\/v2\/types\/post"}],"author":[{"embeddable":true,"href":"https:\/\/linitiative.ca\/International\/wp-json\/wp\/v2\/users\/1787"}],"replies":[{"embeddable":true,"href":"https:\/\/linitiative.ca\/International\/wp-json\/wp\/v2\/comments?post=116354"}],"version-history":[{"count":0,"href":"https:\/\/linitiative.ca\/International\/wp-json\/wp\/v2\/posts\/116354\/revisions"}],"wp:attachment":[{"href":"https:\/\/linitiative.ca\/International\/wp-json\/wp\/v2\/media?parent=116354"}],"wp:term":[{"taxonomy":"category","embeddable":true,"href":"https:\/\/linitiative.ca\/International\/wp-json\/wp\/v2\/categories?post=116354"},{"taxonomy":"post_tag","embeddable":true,"href":"https:\/\/linitiative.ca\/International\/wp-json\/wp\/v2\/tags?post=116354"}],"curies":[{"name":"wp","href":"https:\/\/api.w.org\/{rel}","templated":true}]}}