{"id":116355,"date":"2021-05-07T12:08:14","date_gmt":"2021-05-07T16:08:14","guid":{"rendered":"https:\/\/linitiative.ca\/International\/vaccination-chakib-alj-envoie-un-message-fort-aux-membres-de-la-cgem\/"},"modified":"2021-05-07T12:08:14","modified_gmt":"2021-05-07T16:08:14","slug":"vaccination-chakib-alj-envoie-un-message-fort-aux-membres-de-la-cgem","status":"publish","type":"post","link":"https:\/\/linitiative.ca\/International\/vaccination-chakib-alj-envoie-un-message-fort-aux-membres-de-la-cgem\/","title":{"rendered":"Vaccination :  Chakib Alj envoie un message fort aux membres de la CGEM"},"content":{"rendered":"<p><strong>Chakib Alj, pr\u00e9sident de la CGEM, appelle les membres de la Conf\u00e9d\u00e9ration \u00e0 contribuer au bon d\u00e9roulement de l\u2019op\u00e9ration de vaccination pour permettre au Maroc d\u2019atteindre l\u2019immunit\u00e9 collective.<\/strong><\/p>\n<div class=\"c10\">\n<\/div>\n<p>Dans un r\u00e9cent courrier adress\u00e9 aux membres de la CGEM (Conf\u00e9d\u00e9ration g\u00e9n\u00e9rale des entreprises du Maroc), Chakib Alj a exhort\u00e9 les diff\u00e9rents membres de la Conf\u00e9d\u00e9ration \u00e0 contribuer au bon d\u00e9roulement de la campagne de vaccination contre le Covid-19, lanc\u00e9e par S.M. le Roi Mohammed VI le 28 janvier dernier.<\/p>\n<p><strong>Lire aussi| <a href=\"https:\/\/www.challenge.ma\/le-groupe-raji-introduit-en-bourse-sa-filiale-cosmos-electro-183346\/\">Le groupe RAJI introduit en bourse sa filiale Cosmos Electro<\/a><\/strong><\/p>\n<p>Rappelant que l\u2019op\u00e9ration a cibl\u00e9, dans un premier temps, les personnes \u00e2g\u00e9es de plus de 64 ans et atteintes de maladies chroniques, il a ajout\u00e9 que cette campagne s\u2019\u00e9largit progressivement aux tranches d\u2019\u00e2ge inf\u00e9rieures, notamment les individus \u00e2g\u00e9s de 55 \u00e0 60 ans, \u00a0qui sont actuellement appel\u00e9s \u00e0 se faire vacciner. \u00ab\u00a0 Dans ce cadre, nous vous prions de bien vouloir contribuer au bon d\u00e9roulement de cette op\u00e9ration primordiale pour que notre pays atteigne l\u2019immunit\u00e9 collective, en faisant preuve de flexibilit\u00e9 avec vos salari\u00e9s concern\u00e9s afin qu\u2019ils puissent respecter le rendez-vous fix\u00e9 par le Minist\u00e8re de la Sant\u00e9\u00a0\u00bb, a conclu Chakib Alj.<\/p>\n<p><strong>Lire aussi| <a href=\"https:\/\/www.challenge.ma\/continuite-par-jamal-berraoui-183758\/\">Continuit\u00e9 [par Jamal Berraoui]<\/a><\/strong><\/p>\n<p>Auteur: challenge<br \/>\n<a href=\"https:\/\/www.challenge.ma\/vaccination-chakib-alj-envoie-un-message-fort-aux-membres-de-la-cgem-183937\/\">Cliquez ici pour lire l&rsquo;article depuis sa source.<\/a><\/p>\n","protected":false},"excerpt":{"rendered":"<p>Chakib Alj, pr\u00e9sident de la CGEM, appelle les membres de la Conf\u00e9d\u00e9ration \u00e0 contribuer au bon d\u00e9roulement de l\u2019op\u00e9ration de vaccination pour permettre au Maroc d\u2019atteindre l\u2019immunit\u00e9 collective. Dans un r\u00e9cent courrier adress\u00e9 aux membres de la CGEM (Conf\u00e9d\u00e9ration g\u00e9n\u00e9rale des entreprises du Maroc), Chakib Alj a exhort\u00e9 les diff\u00e9rents membres de la Conf\u00e9d\u00e9ration \u00e0 [&hellip;]<\/p>\n","protected":false},"author":1787,"featured_media":0,"comment_status":"closed","ping_status":"closed","sticky":false,"template":"","format":"standard","meta":{"fifu_image_url":"","fifu_image_alt":"","footnotes":""},"categories":[78,54],"tags":[],"class_list":["post-116355","post","type-post","status-publish","format-standard","hentry","category-economie","category-maroc"],"_links":{"self":[{"href":"https:\/\/linitiative.ca\/International\/wp-json\/wp\/v2\/posts\/116355","targetHints":{"allow":["GET"]}}],"collection":[{"href":"https:\/\/linitiative.ca\/International\/wp-json\/wp\/v2\/posts"}],"about":[{"href":"https:\/\/linitiative.ca\/International\/wp-json\/wp\/v2\/types\/post"}],"author":[{"embeddable":true,"href":"https:\/\/linitiative.ca\/International\/wp-json\/wp\/v2\/users\/1787"}],"replies":[{"embeddable":true,"href":"https:\/\/linitiative.ca\/International\/wp-json\/wp\/v2\/comments?post=116355"}],"version-history":[{"count":0,"href":"https:\/\/linitiative.ca\/International\/wp-json\/wp\/v2\/posts\/116355\/revisions"}],"wp:attachment":[{"href":"https:\/\/linitiative.ca\/International\/wp-json\/wp\/v2\/media?parent=116355"}],"wp:term":[{"taxonomy":"category","embeddable":true,"href":"https:\/\/linitiative.ca\/International\/wp-json\/wp\/v2\/categories?post=116355"},{"taxonomy":"post_tag","embeddable":true,"href":"https:\/\/linitiative.ca\/International\/wp-json\/wp\/v2\/tags?post=116355"}],"curies":[{"name":"wp","href":"https:\/\/api.w.org\/{rel}","templated":true}]}}