{"id":116358,"date":"2021-05-07T16:09:04","date_gmt":"2021-05-07T20:09:04","guid":{"rendered":"https:\/\/linitiative.ca\/International\/tunisie-les-industries-et-les-entreprises-exemptees-des-mesures-de-confinement-general\/"},"modified":"2021-05-07T16:09:04","modified_gmt":"2021-05-07T20:09:04","slug":"tunisie-les-industries-et-les-entreprises-exemptees-des-mesures-de-confinement-general","status":"publish","type":"post","link":"https:\/\/linitiative.ca\/International\/tunisie-les-industries-et-les-entreprises-exemptees-des-mesures-de-confinement-general\/","title":{"rendered":"Tunisie \u2013 Les industries et les entreprises exempt\u00e9es des mesures de confinement g\u00e9n\u00e9ral"},"content":{"rendered":"<div class=\"post-cont-in left relative\">\n<div id=\"post-info-wrap\" class=\"left relative post-info-out\">\n<div class=\"post-info-img left relative\"><img decoding=\"async\" alt=\"\" src=\"https:\/\/secure.gravatar.com\/avatar\/047123be9d5e8513774383916ee72db2?s=50&amp;d=mm&amp;r=g\" srcset=\"https:\/\/secure.gravatar.com\/avatar\/047123be9d5e8513774383916ee72db2?s=100&amp;d=mm&amp;r=g 2x\" class=\"avatar avatar-50 photo\" height=\"50\" width=\"50\" loading=\"lazy\"\/><\/div>\n<div class=\"post-info-in\">\n<div class=\"post-info-right left relative post-info-name left relative\"><span><span class=\"post-info-text\">Par<\/span> <span class=\"author-name vcard fn author\"><a href=\"https:\/\/www.tunisienumerique.com\/author\/lm\/\" title=\"Articles par LM\" rel=\"author\">LM<\/a><\/span><\/span> <span class=\"post-date updated\"><time class=\"post-date updated\" datetime=\"2021-05-07\">\u00a0| Il y a 1 heure<\/time><\/span><br \/>\n<meta itemprop=\"dateModified\" content=\"2021-05-07\"\/><\/div>\n<div class=\"left relative\"><button id=\"listenButton1\" class=\"responsivevoice-button\" type=\"button\" value=\"Play\" title=\"\u00c9coutez l'article\"><span>\ud83d\udd0a \u00c9coutez l&rsquo;article<\/span><\/button>\n<\/div>\n<\/div>\n<\/div>\n<p>Le minist\u00e8re de l\u2019industrie a annonc\u00e9 que certaines industries et certaines entreprises seront exempt\u00e9es des mesures du confinement g\u00e9n\u00e9ral d\u00e9cid\u00e9 ce vendredi. Le minist\u00e8re a, n\u00e9anmoins, appel\u00e9 les salari\u00e9s de ces entreprises \u00e0 se conformer aux dispositions des protocoles sanitaires et du couvre feu qui a \u00e9t\u00e9 instaur\u00e9 de 19H00 \u00e0 05H00.<\/p>\n<div class=\"code-block code-block-1 c4\">\n <ins class=\"adsbygoogle c3\" data-ad-layout=\"in-article\" data-ad-format=\"fluid\" data-ad-client=\"ca-pub-2102118777505746\" data-ad-slot=\"7301775417\"\/>\n<\/div>\n<p>Les activit\u00e9s industrielles exempt\u00e9es sont\u00a0:<\/p>\n<p>Produits alimentaires et agroalimentaires<\/p>\n<p>Industries pharmaceutiques<\/p>\n<p>Produits d\u2019hygi\u00e8ne<\/p>\n<p>Industries d\u2019emballage<\/p>\n<p>Industrie des moyens de protection individuelle<\/p>\n<p>Par ailleurs, certaines entreprises seront appel\u00e9es \u00e0 continuer le travail malgr\u00e9 le confinement g\u00e9n\u00e9ral, comme\u00a0: STEG, STIR, GCT, CPG, Soci\u00e9t\u00e9 Jebel Djerissa, ETAP, Transport par ol\u00e9oduc transsaharien, Gazoduc, ENI, Soci\u00e9t\u00e9 des produits huileux, Soci\u00e9t\u00e9 de transport par pipeline, Soci\u00e9t\u00e9 franco tunisienne de p\u00e9trole, SEREPT, ainsi que les soci\u00e9t\u00e9 priv\u00e9es comme\u00a0: Total, AGIL, SHELL, OLI, STAROIL, BUTAGAZ, MOTOCOOP.<\/p>\n<div class=\"swp_social_panel swp_horizontal_panel swp_flat_fresh swp_default_full_color swp_individual_full_color swp_other_full_color scale-100 scale-\" data-min-width=\"1100\" data-float-color=\"#ffffff\" data-float=\"bottom\" data-float-mobile=\"bottom\" data-transition=\"slide\">\n<div class=\"nc_tweetContainer swp_share_button total_shares total_sharesalt\"><span class=\"swp_count\">5 <span class=\"swp_label\">Partages<\/span><\/span><\/div>\n<\/div>\n<p><strong>Que se passe-t-il en Tunisie?<\/strong><br \/>Nous expliquons sur notre <a href=\"https:\/\/www.youtube.com\/channel\/UCRzypVq0B_yBad5eGrwBx0Q?sub_confirmation=1\" target=\"_blank\" rel=\"noopener\">cha\u00eene YouTube<\/a> . <a href=\"https:\/\/www.youtube.com\/channel\/UCRzypVq0B_yBad5eGrwBx0Q?sub_confirmation=1\" target=\"_blank\" rel=\"noopener\">Abonnez-vous!<\/a><\/p>\n<div class=\"mvp-org-wrap\" itemprop=\"publisher\">\n<div class=\"mvp-org-logo\" itemprop=\"logo\"><img decoding=\"async\" src=\"https:\/\/www.tunisienumerique.com\/wp-content\/uploads\/2017\/02\/logo_tunisie_numerique.png\"\/><br \/>\n<meta itemprop=\"url\" content=\"https:\/\/www.tunisienumerique.com\/wp-content\/uploads\/2017\/02\/logo_tunisie_numerique.png\"\/><\/div>\n<p><meta content=\"Tunisie\"\/><\/div>\n<div class=\"mvp-related-posts left relative\">\n<h4 class=\"post-header\"><span class=\"post-header\">Lire aussi<\/span><\/h4>\n<\/div>\n<div id=\"article-ad\">\n <ins class=\"adsbygoogle c5\" data-ad-client=\"ca-pub-2102118777505746\" data-ad-slot=\"6513972734\" data-ad-format=\"auto\" data-full-width-responsive=\"true\"\/>\n<\/div>\n<\/div>\n<div id=\"post-sidebar-wrap\">\n <ins class=\"adsbygoogle c5\" data-ad-client=\"ca-pub-2102118777505746\" data-ad-slot=\"6168283410\" data-ad-format=\"auto\" data-full-width-responsive=\"true\"\/>\n<\/div>\n<p>Auteur: LM<br \/>\n<a href=\"https:\/\/www.tunisienumerique.com\/tunisie-les-industries-et-les-entreprises-exemptees-des-mesures-de-confinement-general\/\">Cliquez ici pour lire l&rsquo;article depuis sa source.<\/a><\/p>\n","protected":false},"excerpt":{"rendered":"<p>Par LM \u00a0| Il y a 1 heure \ud83d\udd0a \u00c9coutez l&rsquo;article Le minist\u00e8re de l\u2019industrie a annonc\u00e9 que certaines industries et certaines entreprises seront exempt\u00e9es des mesures du confinement g\u00e9n\u00e9ral d\u00e9cid\u00e9 ce vendredi. Le minist\u00e8re a, n\u00e9anmoins, appel\u00e9 les salari\u00e9s de ces entreprises \u00e0 se conformer aux dispositions des protocoles sanitaires et du couvre feu [&hellip;]<\/p>\n","protected":false},"author":1789,"featured_media":0,"comment_status":"closed","ping_status":"closed","sticky":false,"template":"","format":"standard","meta":{"fifu_image_url":"https:\/\/secure.gravatar.com\/avatar\/047123be9d5e8513774383916ee72db2?s=50&d=mm&r=g","fifu_image_alt":"Tunisie \u2013 Les industries et les entreprises exempt\u00e9es des mesures de confinement g\u00e9n\u00e9ral","footnotes":""},"categories":[73,55],"tags":[],"class_list":["post-116358","post","type-post","status-publish","format-standard","hentry","category-actualite","category-tunisie"],"_links":{"self":[{"href":"https:\/\/linitiative.ca\/International\/wp-json\/wp\/v2\/posts\/116358","targetHints":{"allow":["GET"]}}],"collection":[{"href":"https:\/\/linitiative.ca\/International\/wp-json\/wp\/v2\/posts"}],"about":[{"href":"https:\/\/linitiative.ca\/International\/wp-json\/wp\/v2\/types\/post"}],"author":[{"embeddable":true,"href":"https:\/\/linitiative.ca\/International\/wp-json\/wp\/v2\/users\/1789"}],"replies":[{"embeddable":true,"href":"https:\/\/linitiative.ca\/International\/wp-json\/wp\/v2\/comments?post=116358"}],"version-history":[{"count":0,"href":"https:\/\/linitiative.ca\/International\/wp-json\/wp\/v2\/posts\/116358\/revisions"}],"wp:attachment":[{"href":"https:\/\/linitiative.ca\/International\/wp-json\/wp\/v2\/media?parent=116358"}],"wp:term":[{"taxonomy":"category","embeddable":true,"href":"https:\/\/linitiative.ca\/International\/wp-json\/wp\/v2\/categories?post=116358"},{"taxonomy":"post_tag","embeddable":true,"href":"https:\/\/linitiative.ca\/International\/wp-json\/wp\/v2\/tags?post=116358"}],"curies":[{"name":"wp","href":"https:\/\/api.w.org\/{rel}","templated":true}]}}