{"id":116364,"date":"2021-05-06T19:38:48","date_gmt":"2021-05-06T23:38:48","guid":{"rendered":"https:\/\/linitiative.ca\/International\/foire-internationale-de-bobo-huit-jours-pour-promouvoir-les-produits-agroalimentaires\/"},"modified":"2021-05-06T19:38:48","modified_gmt":"2021-05-06T23:38:48","slug":"foire-internationale-de-bobo-huit-jours-pour-promouvoir-les-produits-agroalimentaires","status":"publish","type":"post","link":"https:\/\/linitiative.ca\/International\/foire-internationale-de-bobo-huit-jours-pour-promouvoir-les-produits-agroalimentaires\/","title":{"rendered":"Foire internationale de Bobo : Huit jours pour promouvoir les produits agroalimentaires"},"content":{"rendered":"<div class=\"td-post-featured-image\">\n<figure><a href=\"https:\/\/www.sidwaya.info\/wp-content\/uploads\/2021\/05\/foire-1.jpg\" data-caption=\"La coupure du ruban qui ouvre officiellement les portes de la FIBO, acte 8.\"><img loading=\"lazy\" decoding=\"async\" width=\"696\" height=\"475\" class=\"entry-thumb td-modal-image\" src=\"https:\/\/www.sidwaya.info\/wp-content\/uploads\/2021\/05\/foire-1-696x475.jpg\" srcset=\"https:\/\/www.sidwaya.info\/wp-content\/uploads\/2021\/05\/foire-1-696x475.jpg 696w, https:\/\/www.sidwaya.info\/wp-content\/uploads\/2021\/05\/foire-1-300x205.jpg 300w, https:\/\/www.sidwaya.info\/wp-content\/uploads\/2021\/05\/foire-1-768x524.jpg 768w, https:\/\/www.sidwaya.info\/wp-content\/uploads\/2021\/05\/foire-1-150x102.jpg 150w, https:\/\/www.sidwaya.info\/wp-content\/uploads\/2021\/05\/foire-1-218x150.jpg 218w, https:\/\/www.sidwaya.info\/wp-content\/uploads\/2021\/05\/foire-1-616x420.jpg 616w, https:\/\/www.sidwaya.info\/wp-content\/uploads\/2021\/05\/foire-1.jpg 787w\" sizes=\"auto, (max-width: 696px) 100vw, 696px\" alt=\"\" title=\"foire\"\/><\/a><figcaption class=\"wp-caption-text\">La coupure du ruban qui ouvre officiellement les portes de la FIBO, acte 8.<\/figcaption><\/figure>\n<\/div>\n<p><strong>Le haut-commissaire de la province du Houet, Lamine Soulama, repr\u00e9sentant le Premier ministre et le gouverneur de la r\u00e9gion des hauts-Bassins, a officiellement lanc\u00e9 les activit\u00e9s de la VIIIe \u00e9dition de la foire internationale de Bobo-Dioulasso (FIBO), le samedi 20 mars 2021. Cette \u00e9dition est plac\u00e9e sous le th\u00e8me \u00ab\u00a0politique de normalisation, vecteur de conqu\u00eate de march\u00e9s \u00e0 l\u2019exportation des produits agroalimentaires en Afrique\u00a0\u00bb.<\/strong><\/p>\n<p>Les producteurs, transformateurs et commer\u00e7ants des produits agroalimentaires des Hauts-Bassins, du Burkina, voire de la sous-r\u00e9gion et de l\u2019Afrique, exposent du 19 au 26 mars 2021 sur la place de la Semaine nationale de la culture (SNC) leurs savoirs-faire \u00e0 l\u2019occasion de la VIIIe biennale de la foire internationale de Bobo-Dioulasso. Les portes de ce rendez-vous des affaires leur ont \u00e9t\u00e9 officiellement ouvertes ce samedi 20 mars 2021. Pour \u00eatre en phase avec la r\u00e9gionalisation et la mondialisation, les organisateurs de cette VIIIe foire internationale de Bobo-Dioulasso ont choisi de r\u00e9fl\u00e9chir au th\u00e8me \u00ab\u00a0Politique de normalisation, vecteur de conqu\u00eate de march\u00e9s \u00e0 l\u2019exportation des produits agroalimentaires en Afrique\u00a0\u00bb.<\/p>\n<p>L\u2019entr\u00e9e des entreprises agricoles dans la mondialisation passe par leurs capacit\u00e9s de fabriquer des produits conformes aux normes internationales et acqu\u00e9rir des labels, a martel\u00e9 le pr\u00e9sident du comit\u00e9 d\u2019organisation de la FIBO 2021, l\u2019abb\u00e9 Andr\u00e9 Ouattarra. Cette politique de normalisation, poursuit le pr\u00e9sident du comit\u00e9 d\u2019organisation, est un vecteur de conqu\u00eate \u00e0 l\u2019exportation. \u00ab\u00a0Et la concurrence impose\u00a0un rel\u00e8vement du niveau de qualit\u00e9 des produits export\u00e9s tout en se conformant aux normes impos\u00e9es par le march\u00e9 et les exigences en mati\u00e8re de protection de l\u2019environnement\u00a0\u00bb a dit l\u2019abb\u00e9 Ouattara. Un d\u00e9fi que la FIBO, acte 8, entend relever gr\u00e2ce \u00e0 l\u2019information, la sensibilisation et la formation des acteurs de toute la cha\u00eene agricole, selon les confidences de l\u2019homme d\u2019Eglise.<\/p>\n<p>Pour ce faire, le comit\u00e9 d\u2019organisation a b\u00e9n\u00e9fici\u00e9 du soutien et l\u2019accompagnement de la commune de Bobo-Dioulasso qui a institutionnalis\u00e9 en 2019 \u00e0 la VIIe \u00e9dition une subvention de 20\u00a0000 000 FCFA \u00e0 chaque \u00e9dition de la FIBO. A Bobo-Dioulasso, capitale<\/p>\n<figure id=\"attachment_35161\" aria-describedby=\"caption-attachment-35161\" class=\"wp-caption alignright c1\"><img decoding=\"async\" loading=\"lazy\" class=\"size-medium wp-image-35161\" src=\"https:\/\/www.sidwaya.info\/wp-content\/uploads\/2021\/05\/foire2-1-300x215.jpg\" alt=\"\" width=\"300\" height=\"215\" srcset=\"https:\/\/www.sidwaya.info\/wp-content\/uploads\/2021\/05\/foire2-1-300x215.jpg 300w, https:\/\/www.sidwaya.info\/wp-content\/uploads\/2021\/05\/foire2-1-768x550.jpg 768w, https:\/\/www.sidwaya.info\/wp-content\/uploads\/2021\/05\/foire2-1-150x107.jpg 150w, https:\/\/www.sidwaya.info\/wp-content\/uploads\/2021\/05\/foire2-1-696x499.jpg 696w, https:\/\/www.sidwaya.info\/wp-content\/uploads\/2021\/05\/foire2-1-586x420.jpg 586w, https:\/\/www.sidwaya.info\/wp-content\/uploads\/2021\/05\/foire2-1.jpg 787w\" sizes=\"auto, (max-width: 300px) 100vw, 300px\"\/><figcaption id=\"caption-attachment-35161\" class=\"wp-caption-text\">Les officiels ont fait un tour dans les stands d\u2019exposition apr\u00e8s la c\u00e9r\u00e9monie d\u2019ouverture.<\/figcaption><\/figure>\n<p>\u00e9conomique et culturelle, la FIBO, aux dires du maire de la cit\u00e9 de Sya, Fab\u00e9r\u00e9 Bouraima Sanou, est aussi un \u00e9v\u00e8nement important au m\u00eame titre que la Semaine internationale de la culture (SNC) de la ville de Bobo-Dioulasso qui accompagne la production, la transformation et la commercialisation des produits agricoalimentaires.<\/p>\n<h3>La normalisation des produits \u00e0 l\u2019ordre du jour<\/h3>\n<p>C\u2019est pourquoi, convaincu de l\u2019apport au d\u00e9veloppement de la ville de Bobo-Dioulasso, le conseil municipal, n\u2019a pas h\u00e9sit\u00e9 \u00e0 mettre la main \u00e0 la poche pour accompagner l\u2019organisation de cette foire. Tout comme la commune, le conseil r\u00e9gional, \u00e0 travers son pr\u00e9sident, C\u00e9lestin B. Koussoub\u00e9, par ailleurs coparrain de la VIIIe \u00e9dition, a contribu\u00e9 \u00e0 hauteur de 10\u00a0000 000 FCFA pour la tenue de la FIBO 2021. Pour tout couronner, le repr\u00e9sentant du Premier ministre Lamine Soulama, a rassur\u00e9 l\u2019abb\u00e9 Andr\u00e9 Ouattara du soutien du gouvernement pour la r\u00e9ussite de ce rendez-vous du monde rural, des industriels et des commer\u00e7ants des produits agricoles.<\/p>\n<p>Dans un contexte de la pand\u00e9mie \u00e0 coronavirus, le comit\u00e9 d\u2019organisation dit avoir pris toutes les dispositions pour le respect des mesures- barri\u00e8res \u00e9dict\u00e9es pour limiter la propagation de cette maladie qui a eu raison de nombreux \u00e9v\u00e8nements importants au Burkina depuis son apparition en mars 2019. En rappel, initi\u00e9e en 2007 par le Groupe de recherche et d\u2019action sur le d\u00e9veloppement int\u00e9gr\u00e9 (GRADI) et de l\u2019agence OFIS (organisation forum interservices), la FIBO fait la promotion des produits agroalimentaires et des technologies de transformation.<\/p>\n<p class=\"c2\"><strong>Kam\u00e9l\u00e9 FAYAMA<\/strong><\/p>\n<div class=\"td-a-rec td-a-rec-id-content_bottom tdi_33_e9a td_block_template_1\">\n<p><img loading=\"lazy\" decoding=\"async\" class=\"aligncenter size-full wp-image-27454\" src=\"https:\/\/www.sidwaya.info\/wp-content\/uploads\/2020\/10\/PUB-Bandeau-paiement-mobile-siteweb.jpg\" alt=\"\" width=\"728\" height=\"90\"\/><\/div>\n<p>Auteur: JK. Sidwaya<br \/>\n<a href=\"https:\/\/www.sidwaya.info\/blog\/2021\/05\/06\/foire-internationale-de-bobo-huit-jours-pour-promouvoir-les-produits-agroalimentaires\/\">Cliquez ici pour lire l&rsquo;article depuis sa source.<\/a><\/p>\n","protected":false},"excerpt":{"rendered":"<p>La coupure du ruban qui ouvre officiellement les portes de la FIBO, acte 8. Le haut-commissaire de la province du Houet, Lamine Soulama, repr\u00e9sentant le Premier ministre et le gouverneur de la r\u00e9gion des hauts-Bassins, a officiellement lanc\u00e9 les activit\u00e9s de la VIIIe \u00e9dition de la foire internationale de Bobo-Dioulasso (FIBO), le samedi 20 mars [&hellip;]<\/p>\n","protected":false},"author":1816,"featured_media":0,"comment_status":"closed","ping_status":"closed","sticky":false,"template":"","format":"standard","meta":{"fifu_image_url":"https:\/\/www.sidwaya.info\/wp-content\/uploads\/2021\/05\/foire-1-696x475.jpg","fifu_image_alt":"Foire internationale de Bobo : Huit jours pour promouvoir les produits agroalimentaires","footnotes":""},"categories":[73,81],"tags":[],"class_list":["post-116364","post","type-post","status-publish","format-standard","hentry","category-actualite","category-burkina-faso"],"_links":{"self":[{"href":"https:\/\/linitiative.ca\/International\/wp-json\/wp\/v2\/posts\/116364","targetHints":{"allow":["GET"]}}],"collection":[{"href":"https:\/\/linitiative.ca\/International\/wp-json\/wp\/v2\/posts"}],"about":[{"href":"https:\/\/linitiative.ca\/International\/wp-json\/wp\/v2\/types\/post"}],"author":[{"embeddable":true,"href":"https:\/\/linitiative.ca\/International\/wp-json\/wp\/v2\/users\/1816"}],"replies":[{"embeddable":true,"href":"https:\/\/linitiative.ca\/International\/wp-json\/wp\/v2\/comments?post=116364"}],"version-history":[{"count":0,"href":"https:\/\/linitiative.ca\/International\/wp-json\/wp\/v2\/posts\/116364\/revisions"}],"wp:attachment":[{"href":"https:\/\/linitiative.ca\/International\/wp-json\/wp\/v2\/media?parent=116364"}],"wp:term":[{"taxonomy":"category","embeddable":true,"href":"https:\/\/linitiative.ca\/International\/wp-json\/wp\/v2\/categories?post=116364"},{"taxonomy":"post_tag","embeddable":true,"href":"https:\/\/linitiative.ca\/International\/wp-json\/wp\/v2\/tags?post=116364"}],"curies":[{"name":"wp","href":"https:\/\/api.w.org\/{rel}","templated":true}]}}