{"id":116366,"date":"2021-05-07T09:38:59","date_gmt":"2021-05-07T13:38:59","guid":{"rendered":"https:\/\/linitiative.ca\/International\/panne-technique-aux-caisses-populaires-du-burkina-communique-de-presse\/"},"modified":"2021-05-07T09:38:59","modified_gmt":"2021-05-07T13:38:59","slug":"panne-technique-aux-caisses-populaires-du-burkina-communique-de-presse","status":"publish","type":"post","link":"https:\/\/linitiative.ca\/International\/panne-technique-aux-caisses-populaires-du-burkina-communique-de-presse\/","title":{"rendered":"Panne technique aux Caisses Populaires du Burkina: communiqu\u00e9 de presse"},"content":{"rendered":"<p><strong>La Direction g\u00e9n\u00e9rale de la Fa\u00eeti\u00e8re des Caisses Populaires du Burkina (FCPB)<\/strong> porte \u00e0 la connaissance des membres et usagers des caisses populaires, qu\u2019une panne technique est survenue sur ses installations impactant l\u2019offre de services aux membres.<\/p>\n<p>Par ailleurs, elle tient \u00e0 rassurer l\u2019ensemble des membres et\u00a0 usagers du R\u00e9seau des Caisses populaires que ses \u00e9quipes techniques sont \u00e0 pied d\u2019\u0153uvre pour r\u00e9tablir le service dans les meilleurs d\u00e9lais.<\/p>\n<p>Elle s\u2019excuse sinc\u00e8rement des d\u00e9sagr\u00e9ments subis et r\u00e9affirme son engagement \u00e0 faire de la qualit\u00e9 de services, une priorit\u00e9 absolue.<\/p>\n<p><strong>\u00ab\u00a0Solidaires pour un mieux-\u00eatre !\u00a0\u00bb<\/strong><\/p>\n<p><strong class=\"c1\">La Direction g\u00e9n\u00e9rale<\/strong><\/p>\n<p><strong>Infoline<\/strong> : 70 25 38 46 \/ 51 46 07 46<\/p>\n<div class=\"td-a-rec td-a-rec-id-content_bottom tdi_33_956 td_block_template_1\">\n<p><img loading=\"lazy\" decoding=\"async\" class=\"aligncenter size-full wp-image-27454\" src=\"https:\/\/www.sidwaya.info\/wp-content\/uploads\/2020\/10\/PUB-Bandeau-paiement-mobile-siteweb.jpg\" alt=\"\" width=\"728\" height=\"90\"\/><\/div>\n<p>Auteur: BS. Sidwaya<br \/>\n<a href=\"https:\/\/www.sidwaya.info\/blog\/2021\/05\/07\/panne-technique-aux-caisses-populaires-du-burkina-communique-de-presse\/\">Cliquez ici pour lire l&rsquo;article depuis sa source.<\/a><\/p>\n","protected":false},"excerpt":{"rendered":"<p>La Direction g\u00e9n\u00e9rale de la Fa\u00eeti\u00e8re des Caisses Populaires du Burkina (FCPB) porte \u00e0 la connaissance des membres et usagers des caisses populaires, qu\u2019une panne technique est survenue sur ses installations impactant l\u2019offre de services aux membres. Par ailleurs, elle tient \u00e0 rassurer l\u2019ensemble des membres et\u00a0 usagers du R\u00e9seau des Caisses populaires que ses [&hellip;]<\/p>\n","protected":false},"author":1816,"featured_media":0,"comment_status":"closed","ping_status":"closed","sticky":false,"template":"","format":"standard","meta":{"fifu_image_url":"https:\/\/www.sidwaya.info\/wp-content\/uploads\/2020\/10\/PUB-Bandeau-paiement-mobile-siteweb.jpg","fifu_image_alt":"Panne technique aux Caisses Populaires du Burkina: communiqu\u00e9 de presse","footnotes":""},"categories":[73,81],"tags":[],"class_list":["post-116366","post","type-post","status-publish","format-standard","hentry","category-actualite","category-burkina-faso"],"_links":{"self":[{"href":"https:\/\/linitiative.ca\/International\/wp-json\/wp\/v2\/posts\/116366","targetHints":{"allow":["GET"]}}],"collection":[{"href":"https:\/\/linitiative.ca\/International\/wp-json\/wp\/v2\/posts"}],"about":[{"href":"https:\/\/linitiative.ca\/International\/wp-json\/wp\/v2\/types\/post"}],"author":[{"embeddable":true,"href":"https:\/\/linitiative.ca\/International\/wp-json\/wp\/v2\/users\/1816"}],"replies":[{"embeddable":true,"href":"https:\/\/linitiative.ca\/International\/wp-json\/wp\/v2\/comments?post=116366"}],"version-history":[{"count":0,"href":"https:\/\/linitiative.ca\/International\/wp-json\/wp\/v2\/posts\/116366\/revisions"}],"wp:attachment":[{"href":"https:\/\/linitiative.ca\/International\/wp-json\/wp\/v2\/media?parent=116366"}],"wp:term":[{"taxonomy":"category","embeddable":true,"href":"https:\/\/linitiative.ca\/International\/wp-json\/wp\/v2\/categories?post=116366"},{"taxonomy":"post_tag","embeddable":true,"href":"https:\/\/linitiative.ca\/International\/wp-json\/wp\/v2\/tags?post=116366"}],"curies":[{"name":"wp","href":"https:\/\/api.w.org\/{rel}","templated":true}]}}