{"id":116367,"date":"2021-05-07T11:54:59","date_gmt":"2021-05-07T15:54:59","guid":{"rendered":"https:\/\/linitiative.ca\/International\/modernisation-de-letat-civil-au-burkina-faso-loim-offre-des-equipements\/"},"modified":"2021-05-07T11:54:59","modified_gmt":"2021-05-07T15:54:59","slug":"modernisation-de-letat-civil-au-burkina-faso-loim-offre-des-equipements","status":"publish","type":"post","link":"https:\/\/linitiative.ca\/International\/modernisation-de-letat-civil-au-burkina-faso-loim-offre-des-equipements\/","title":{"rendered":"Modernisation de l\u2019\u00e9tat civil\u00a0au Burkina Faso\u00a0: L\u2019OIM offre des \u00e9quipements"},"content":{"rendered":"<div class=\"td-post-featured-image\"><a href=\"https:\/\/www.sidwaya.info\/wp-content\/uploads\/2021\/05\/1.jpg\" data-caption=\"\"><img loading=\"lazy\" decoding=\"async\" width=\"606\" height=\"395\" class=\"entry-thumb td-modal-image\" src=\"https:\/\/www.sidwaya.info\/wp-content\/uploads\/2021\/05\/1.jpg\" srcset=\"https:\/\/www.sidwaya.info\/wp-content\/uploads\/2021\/05\/1.jpg 606w, https:\/\/www.sidwaya.info\/wp-content\/uploads\/2021\/05\/1-300x196.jpg 300w, https:\/\/www.sidwaya.info\/wp-content\/uploads\/2021\/05\/1-150x98.jpg 150w\" sizes=\"auto, (max-width: 606px) 100vw, 606px\" alt=\"\" title=\"1\"\/><\/a><\/div>\n<p><strong>L\u2019Organisation internationale pour les migrations (OIM) a remis, le jeudi 6 mai 2021 \u00e0 Ouagadougou, des \u00e9quipements informatiques pour la modernisation de l\u2019\u00e9tat civil au minist\u00e8re de l\u2019administration territoriale et de la d\u00e9centralisation (MATD). Le mat\u00e9riel estim\u00e9 \u00e0 33 millions de FCFA sera d\u00e9ploy\u00e9 dans six Communes des R\u00e9gions du Centre-est et de l\u2019Est.<\/strong><\/p>\n<p>L\u2019\u00e9tat civil est le reflet de la situation personnelle d\u2019un individu dans sa famille et dans la soci\u00e9t\u00e9. Il est l\u2019officialisation d\u00e8s la naissance d\u2019une situation permanente. L\u2019individu acquiert son identit\u00e9 en tant que personne, en tant que citoyen d\u2019un Etat par l\u2019\u00e9tat civil. Mais au Burkina Faso, en particulier, disposer d\u2019acte d\u2019\u00e9tat civil peut relever d\u2019un parcours du combattant. C\u2019est dans le cadre de la modernisation de l\u2019\u00e9tat civil au \u00ab\u00a0<em>Pays des Hommes int\u00e8gres<\/em>\u00a0\u00bb que l\u2019Organisation internationale pour les migrations (OIM) a d\u00e9cid\u00e9 d\u2019apporter son soutien aux efforts du gouvernement dans le processus de mise \u00e0 l\u2019\u00e9chelle de la solution int\u00e9gr\u00e9e \u00ab\u00a0<a href=\"https:\/\/www.burkina24.com\/2020\/11\/25\/modernisation-de-letat-civil-au-burkina-faso-la-solution-integree-icivil-deployee-dans-le-sahel\/\"><em>iCivil<\/em>\u00a0<\/a>\u00bb, d\u00e9but\u00e9 en janvier 2020.<\/p>\n<p><strong>\u00ab Ce mat\u00e9riel extr\u00eamement important sera utilis\u00e9 \u00e0 bon escient\u00a0\u00bb<\/strong><\/p>\n<p>Selon le ministre en charge de l\u2019administration territoriale, Cl\u00e9ment Sawadogo, \u00e0 la suite des partenaires tels que le Fonds des Nations Unies pour la population (UNFPA) et le Haut-Commissariat pour les r\u00e9fugi\u00e9s (HCR), l\u2019agence onusienne pour les migrations (OIM), \u00e0 travers un appui estim\u00e9 \u00e0 33 millions de FCFA, vient rehausser le nombre de centres op\u00e9rationnels \u00e0 22 Communes et 135 formations sanitaires reparties dans huit r\u00e9gions du Burkina Faso. \u00ab <em>Ce mat\u00e9riel extr\u00eamement important sera utilis\u00e9 \u00e0 bon escient et aux fins qui lui sont destin\u00e9es<\/em>\u00a0\u00bb, a rassur\u00e9 le ministre, tout en remerciant l\u2019OIM pour le geste salvateur.\u00a0Ce sont les Communes de Sangha, de Soudougui et de Yargatenga au Centre-Est et les Communes de Pama, de Kompienga et de Madjoari \u00e0 l\u2019Est, des Communes frontali\u00e8res et par ailleurs zones d\u2019intervention de l\u2019OIM, qui seront connect\u00e9es au registre num\u00e9rique national bas\u00e9 \u00e0 la Direction g\u00e9n\u00e9rale de la modernisation de l\u2019\u00e9tat civil (DGMEC). Le don est compos\u00e9 de 21.750 identifiants uniques iCivil avec support carte pour l\u2019enregistrement num\u00e9rique des nouveau-n\u00e9s\u00a0; 31 smartphones iCivil pour la d\u00e9claration des naissances et des d\u00e9c\u00e8s\u00a0; 7 cl\u00e9s de cryptage s\u00e9curis\u00e9es iCivil\u00a0; 7 douchettes pour lecture \u00e9lectronique, 7 ordinateurs pour les centres principaux et les Tribunaux de Grande Instance, 7 imprimantes HP LaserJet, 6 box de connexion et 72 cartes de recharge.<\/p>\n<p><strong>Enregistrement s\u00e9curis\u00e9 des faits d\u2019\u00e9tat civil en temps r\u00e9el<\/strong><\/p>\n<p>\u00ab <em>L\u2019OIM travaille pour les droits humains. Toute personne qui nait a droit \u00e0 \u00eatre reconnue par un Etat. L\u2019OIM et ses partenaires sont ici pour accompagner le Burkina Faso dans la d\u00e9livrance des services de qualit\u00e9 \u00e0 tous les citoyens, qu\u2019ils soient au niveau central ou aux fronti\u00e8res<\/em>\u00a0\u00bb, a soutenu la Cheffe de mission de l\u2019OIM au Burkina Faso, Aissatou Guiss\u00e9 Kaspar. La plateforme technologique de derni\u00e8re g\u00e9n\u00e9ration iCivil a \u00e9t\u00e9 acquise par l\u2019Etat en 2020 pour la construction du registre num\u00e9rique national de l\u2019\u00e9tat civil du Burkina Faso, \u00e0 travers l\u2019attribution \u00e0 chaque citoyen d\u2019un identifiant unique \u00e0 vie d\u00e8s la naissance, l\u2019enregistrement s\u00e9curis\u00e9 des faits d\u2019\u00e9tat civil en temps r\u00e9el y compris dans les zones les plus recul\u00e9es et une interop\u00e9rabilit\u00e9 dynamique offerte aux \u00e9cosyst\u00e8mes connexes. La Plateforme, d\u00e9velopp\u00e9e par le Consultant en s\u00e9curit\u00e9 documentaire, Adama Sawadogo, prend en compte l\u2019ensemble des faits d\u2019\u00e9tat civil et permet \u00e0 chaque citoyen de l\u2019int\u00e9rieur comme de l\u2019ext\u00e9rieur, \u00e0 travers les Ambassades et Consulats, de disposer de ses actes d\u2019\u00e9tat civil depuis n\u2019importe quel centre d\u2019\u00e9tat civil.<\/p>\n<p><strong>Abdel Aziz NABALOUM<\/strong><\/p>\n<div class=\"td-a-rec td-a-rec-id-content_bottom tdi_33_506 td_block_template_1\">\n<p><img loading=\"lazy\" decoding=\"async\" class=\"aligncenter size-full wp-image-27454\" src=\"https:\/\/www.sidwaya.info\/wp-content\/uploads\/2020\/10\/PUB-Bandeau-paiement-mobile-siteweb.jpg\" alt=\"\" width=\"728\" height=\"90\"\/><\/div>\n<p>Auteur: Wamini SIDWAYA<br \/>\n<a href=\"https:\/\/www.sidwaya.info\/blog\/2021\/05\/07\/modernisation-de-letat-civil-au-burkina-faso-loim-offre-des-equipements\/\">Cliquez ici pour lire l&rsquo;article depuis sa source.<\/a><\/p>\n","protected":false},"excerpt":{"rendered":"<p>L\u2019Organisation internationale pour les migrations (OIM) a remis, le jeudi 6 mai 2021 \u00e0 Ouagadougou, des \u00e9quipements informatiques pour la modernisation de l\u2019\u00e9tat civil au minist\u00e8re de l\u2019administration territoriale et de la d\u00e9centralisation (MATD). Le mat\u00e9riel estim\u00e9 \u00e0 33 millions de FCFA sera d\u00e9ploy\u00e9 dans six Communes des R\u00e9gions du Centre-est et de l\u2019Est. L\u2019\u00e9tat [&hellip;]<\/p>\n","protected":false},"author":1816,"featured_media":0,"comment_status":"closed","ping_status":"closed","sticky":false,"template":"","format":"standard","meta":{"fifu_image_url":"https:\/\/www.sidwaya.info\/wp-content\/uploads\/2021\/05\/1.jpg","fifu_image_alt":"Modernisation de l\u2019\u00e9tat civil\u00a0au Burkina Faso\u00a0: L\u2019OIM offre des \u00e9quipements","footnotes":""},"categories":[73,81],"tags":[],"class_list":["post-116367","post","type-post","status-publish","format-standard","hentry","category-actualite","category-burkina-faso"],"_links":{"self":[{"href":"https:\/\/linitiative.ca\/International\/wp-json\/wp\/v2\/posts\/116367","targetHints":{"allow":["GET"]}}],"collection":[{"href":"https:\/\/linitiative.ca\/International\/wp-json\/wp\/v2\/posts"}],"about":[{"href":"https:\/\/linitiative.ca\/International\/wp-json\/wp\/v2\/types\/post"}],"author":[{"embeddable":true,"href":"https:\/\/linitiative.ca\/International\/wp-json\/wp\/v2\/users\/1816"}],"replies":[{"embeddable":true,"href":"https:\/\/linitiative.ca\/International\/wp-json\/wp\/v2\/comments?post=116367"}],"version-history":[{"count":0,"href":"https:\/\/linitiative.ca\/International\/wp-json\/wp\/v2\/posts\/116367\/revisions"}],"wp:attachment":[{"href":"https:\/\/linitiative.ca\/International\/wp-json\/wp\/v2\/media?parent=116367"}],"wp:term":[{"taxonomy":"category","embeddable":true,"href":"https:\/\/linitiative.ca\/International\/wp-json\/wp\/v2\/categories?post=116367"},{"taxonomy":"post_tag","embeddable":true,"href":"https:\/\/linitiative.ca\/International\/wp-json\/wp\/v2\/tags?post=116367"}],"curies":[{"name":"wp","href":"https:\/\/api.w.org\/{rel}","templated":true}]}}