{"id":116369,"date":"2021-05-07T12:18:02","date_gmt":"2021-05-07T16:18:02","guid":{"rendered":"https:\/\/linitiative.ca\/International\/la-cote-divoire-se-dote-dun-plan-national-de-gestion-de-crise\/"},"modified":"2021-05-07T12:18:02","modified_gmt":"2021-05-07T16:18:02","slug":"la-cote-divoire-se-dote-dun-plan-national-de-gestion-de-crise","status":"publish","type":"post","link":"https:\/\/linitiative.ca\/International\/la-cote-divoire-se-dote-dun-plan-national-de-gestion-de-crise\/","title":{"rendered":"La C\u00f4te d\u2019Ivoire se dote d\u2019un Plan national de gestion de crise"},"content":{"rendered":"<div readability=\"32\">\n<p>Publi\u00e9 le 07.05.2021 \u00e0 17h18 par APA News<\/p>\n<\/div>\n<div readability=\"88\">\n<p>La C\u00f4te d\u2019Ivoire a lanc\u00e9 vendredi un Plan national de gestion de crise et de communication en p\u00e9riode de crise, qui devrait \u00eatre mis en oeuvre par un \u00ab\u00a0Groupe de r\u00e9f\u00e9rence r\u00e9silience\u00a0\u00bb constitu\u00e9 \u00e0 cet effet.<\/p>\n<p>Ce Plan national de gestion de crise, \u00a0pr\u00e9sent\u00e9 \u00e0 la Primature, a \u00e9t\u00e9 \u00e9labor\u00e9 avec l\u2019appui technique du Bureau du Programme des Nations Unies pour le d\u00e9veloppement (Pnud) \u00e0 Abidjan, au terme d\u2019un atelier.\u00a0<\/p>\n<p>Le directeur de Cabinet du Premier ministre, Emmanuel Ahoutou Koffi, qui pr\u00e9sidait la r\u00e9union, s\u2019est f\u00e9licit\u00e9 de cet outil qui vise \u00e0 mieux pr\u00e9parer le pays \u00e0 faire face aux crises, quelle que soit la nature.\u00a0<\/p>\n<p>Pour lui, c\u2019est la pr\u00e9paration aux crises qui permet de g\u00e9rer les situations lorsqu\u2019elles surviennent. Ce Plan vient donner des m\u00e9canismes et des r\u00e9flexes pour permettre d\u2019avoir juste des rep\u00e8res pour donner l\u2019alerte et pr\u00e9venir les \u00e9v\u00e9nements.<\/p>\n<p>Par ailleurs, dira-t-il, \u00ab\u00a0nous devons avoir aussi des hommes et des femmes qui savent lire les situations, et cela est d\u00e9terminant parce que des gens qui vivent au quotidien des r\u00e9alit\u00e9s devraient \u00eatre des sources de relais\u00a0\u00bb, ce qui justifie la mise en place du groupe de r\u00e9silience.<\/p>\n<p>Le bureau du directeur de Cabinet du Premier ministre assure le secr\u00e9tariat du Groupe de r\u00e9f\u00e9rence de r\u00e9silience, compos\u00e9 de membres du Pnud, de sachants, de retrait\u00e9s et des experts sur les questions de crises communautaires.\u00a0<\/p>\n<p>La repr\u00e9sentante r\u00e9sidente du Pnud en C\u00f4te d\u2019Ivoire, Carol Flore-Smereczniak, s\u2019est f\u00e9licit\u00e9e de cet instrument qui prend en compte les questions de crise de fa\u00e7on globale, incluant les catastrophes et l\u2019ampleur de leurs impacts.<\/p>\n<p>\u00ab\u00a0C\u2019est un outil cl\u00e9 dans la planification strat\u00e9gique pour le renforcement de la r\u00e9silience du pays, face aux crises diverses et multiformes\u00a0\u00bb, a fait observer Mme Carol Flore-Smereczniak, mentionnant que la question du renforcement de la r\u00e9silience est au coeur des actions du Pnud.\u00a0<\/p>\n<p>Elle a invit\u00e9 les experts du groupe de r\u00e9silience \u00e0 mieux tirer les enseignements de la crise sanitaire de Covid-19 pour mieux aborder les crises et catastrophes auxquels le pays devra faire face \u00e0 l\u2019avenir.\u00a0<\/p>\n<\/div>\n<p>Auteur: APA News<br \/>\n<a href=\"https:\/\/www.journalducameroun.com\/la-cote-divoire-se-dote-dun-plan-national-de-gestion-de-crise\/\">Cliquez ici pour lire l&rsquo;article depuis sa source.<\/a><\/p>\n","protected":false},"excerpt":{"rendered":"<p>Publi\u00e9 le 07.05.2021 \u00e0 17h18 par APA News La C\u00f4te d\u2019Ivoire a lanc\u00e9 vendredi un Plan national de gestion de crise et de communication en p\u00e9riode de crise, qui devrait \u00eatre mis en oeuvre par un \u00ab\u00a0Groupe de r\u00e9f\u00e9rence r\u00e9silience\u00a0\u00bb constitu\u00e9 \u00e0 cet effet. Ce Plan national de gestion de crise, \u00a0pr\u00e9sent\u00e9 \u00e0 la Primature, [&hellip;]<\/p>\n","protected":false},"author":1965,"featured_media":0,"comment_status":"closed","ping_status":"closed","sticky":false,"template":"","format":"standard","meta":{"fifu_image_url":"","fifu_image_alt":"","footnotes":""},"categories":[73,82],"tags":[],"class_list":["post-116369","post","type-post","status-publish","format-standard","hentry","category-actualite","category-cameroun"],"_links":{"self":[{"href":"https:\/\/linitiative.ca\/International\/wp-json\/wp\/v2\/posts\/116369","targetHints":{"allow":["GET"]}}],"collection":[{"href":"https:\/\/linitiative.ca\/International\/wp-json\/wp\/v2\/posts"}],"about":[{"href":"https:\/\/linitiative.ca\/International\/wp-json\/wp\/v2\/types\/post"}],"author":[{"embeddable":true,"href":"https:\/\/linitiative.ca\/International\/wp-json\/wp\/v2\/users\/1965"}],"replies":[{"embeddable":true,"href":"https:\/\/linitiative.ca\/International\/wp-json\/wp\/v2\/comments?post=116369"}],"version-history":[{"count":0,"href":"https:\/\/linitiative.ca\/International\/wp-json\/wp\/v2\/posts\/116369\/revisions"}],"wp:attachment":[{"href":"https:\/\/linitiative.ca\/International\/wp-json\/wp\/v2\/media?parent=116369"}],"wp:term":[{"taxonomy":"category","embeddable":true,"href":"https:\/\/linitiative.ca\/International\/wp-json\/wp\/v2\/categories?post=116369"},{"taxonomy":"post_tag","embeddable":true,"href":"https:\/\/linitiative.ca\/International\/wp-json\/wp\/v2\/tags?post=116369"}],"curies":[{"name":"wp","href":"https:\/\/api.w.org\/{rel}","templated":true}]}}