{"id":11637,"date":"2019-02-05T10:36:42","date_gmt":"2019-02-05T15:36:42","guid":{"rendered":"https:\/\/linitiative.ca\/International\/coupe-de-la-confederation-2e-j-gr-d-zamalek-nahd-le-13-fevrier-a-alexandrie\/"},"modified":"2019-02-05T10:36:42","modified_gmt":"2019-02-05T15:36:42","slug":"coupe-de-la-confederation-2e-j-gr-d-zamalek-nahd-le-13-fevrier-a-alexandrie","status":"publish","type":"post","link":"https:\/\/linitiative.ca\/International\/coupe-de-la-confederation-2e-j-gr-d-zamalek-nahd-le-13-fevrier-a-alexandrie\/","title":{"rendered":"Coupe de la Conf\u00e9d\u00e9ration (2e j-Gr. D): Zamalek-NAHD le 13 f\u00e9vrier \u00e0 Alexandrie"},"content":{"rendered":"<div>\n<div class=\"K2FeedIntroText\">\n<p><strong>LE CAIRE &#8211; Le match entre les Egyptiens du Zamalek et les Alg\u00e9riens du NA Husse\u00efn-dey se jouera le 13 f\u00e9vrier \u00e0 21h00 locales (20h00 alg\u00e9riennes) au stade Borg El-Arab (Alexandrie) pour le compte de la 2e journ\u00e9e de la Coupe de la Conf\u00e9d\u00e9ration, a indiqu\u00e9 mardi la Conf\u00e9d\u00e9ration africaine de football.<\/strong><\/p>\n<\/div>\n<div class=\"K2FeedFullText\">\n<p>L&rsquo;autre match du groupe D mettra aux prises les Angolais de Petro Atl\u00e9tico et les K\u00e9nyans de Gor Mahia le 13 f\u00e9vrier \u00e0 17h00 (locales) au stade du 11-Novembre \u00e0 Luanda.<\/p>\n<p>Lors de la premi\u00e8re journ\u00e9e disput\u00e9e le week-end dernier, le NAHD s&rsquo;est impos\u00e9 contre Petro Atl\u00e9tico (2-1) et Gor Mahia a surclass\u00e9 le Zamalek (4-2).<\/p>\n<p>Les deux premiers \u00e0 l&rsquo;issue de la phase de poules se qualifieront pour les quarts de finale.<\/p>\n<\/div>\n<p><img loading=\"lazy\" decoding=\"async\" src=\"http:\/\/feeds.feedburner.com\/~r\/aps-sport\/~4\/AqAp9JgkZLA\" height=\"1\" width=\"1\" alt=\"\"><\/div>\n","protected":false},"excerpt":{"rendered":"<p>LE CAIRE &#8211; Le match entre les Egyptiens du Zamalek et les Alg\u00e9riens du NA Husse\u00efn-dey se jouera le 13 f\u00e9vrier \u00e0 21h00 locales (20h00 alg\u00e9riennes) au stade Borg El-Arab (Alexandrie) pour le compte de la 2e journ\u00e9e de la Coupe de la Conf\u00e9d\u00e9ration, a indiqu\u00e9 mardi la Conf\u00e9d\u00e9ration africaine de football. L&rsquo;autre match du [&hellip;]<\/p>\n","protected":false},"author":1790,"featured_media":0,"comment_status":"closed","ping_status":"closed","sticky":false,"template":"","format":"standard","meta":{"fifu_image_url":"","fifu_image_alt":"","footnotes":""},"categories":[53,75],"tags":[],"class_list":["post-11637","post","type-post","status-publish","format-standard","hentry","category-algerie","category-sport"],"_links":{"self":[{"href":"https:\/\/linitiative.ca\/International\/wp-json\/wp\/v2\/posts\/11637","targetHints":{"allow":["GET"]}}],"collection":[{"href":"https:\/\/linitiative.ca\/International\/wp-json\/wp\/v2\/posts"}],"about":[{"href":"https:\/\/linitiative.ca\/International\/wp-json\/wp\/v2\/types\/post"}],"author":[{"embeddable":true,"href":"https:\/\/linitiative.ca\/International\/wp-json\/wp\/v2\/users\/1790"}],"replies":[{"embeddable":true,"href":"https:\/\/linitiative.ca\/International\/wp-json\/wp\/v2\/comments?post=11637"}],"version-history":[{"count":0,"href":"https:\/\/linitiative.ca\/International\/wp-json\/wp\/v2\/posts\/11637\/revisions"}],"wp:attachment":[{"href":"https:\/\/linitiative.ca\/International\/wp-json\/wp\/v2\/media?parent=11637"}],"wp:term":[{"taxonomy":"category","embeddable":true,"href":"https:\/\/linitiative.ca\/International\/wp-json\/wp\/v2\/categories?post=11637"},{"taxonomy":"post_tag","embeddable":true,"href":"https:\/\/linitiative.ca\/International\/wp-json\/wp\/v2\/tags?post=11637"}],"curies":[{"name":"wp","href":"https:\/\/api.w.org\/{rel}","templated":true}]}}