{"id":116370,"date":"2021-05-07T12:18:02","date_gmt":"2021-05-07T16:18:02","guid":{"rendered":"https:\/\/linitiative.ca\/International\/rwandair-reprend-ses-vols-vers-lusaka-et-johannesburg\/"},"modified":"2021-05-07T12:18:02","modified_gmt":"2021-05-07T16:18:02","slug":"rwandair-reprend-ses-vols-vers-lusaka-et-johannesburg","status":"publish","type":"post","link":"https:\/\/linitiative.ca\/International\/rwandair-reprend-ses-vols-vers-lusaka-et-johannesburg\/","title":{"rendered":"RwandAir reprend ses vols vers Lusaka et Johannesburg"},"content":{"rendered":"<div readability=\"32\">\n<p>Publi\u00e9 le 07.05.2021 \u00e0 17h18 par APA News<\/p>\n<\/div>\n<div readability=\"44\">\n<p>La compagnie RwandAir a repris ce vendredi ses vols vers la Zambie et l\u2019Afrique du Sud.Ces vols de la compagnie a\u00e9rienne rwandaise vers Lusaka et Johannesburg ont \u00e9t\u00e9 suspendus depuis trois mois en raison des inqui\u00e9tudes suscit\u00e9es par le variant de la Covid-19 qui s\u00e9vit en Afrique australe.<\/p>\n<p>Dans un avis aux passagers, RwandAir a indiqu\u00e9 qu\u2019elle reprenait ses vols trois fois par semaine sur la ligne Kigali-Lusaka-Johannesburg \u00e0 partir du 7 mai, et qu\u2019elle r\u00e9introduirait ensuite le service entre la capitale rwandaise et Harare (Zimbabwe) et Le Cap en Afrique du Sud le 14 mai.<\/p>\n<p>\u00ab Nous sommes heureux d\u2019annoncer la reprise de nos services vers Harare et Cape Town avec deux vols hebdomadaires \u00e0 partir du 14 mai 2021 \u00bb, peut-on lire sur l\u2019avis.<\/p>\n<\/div>\n<p>Auteur: APA News<br \/>\n<a href=\"https:\/\/www.journalducameroun.com\/rwandair-reprend-ses-vols-vers-lusaka-et-johannesburg\/\">Cliquez ici pour lire l&rsquo;article depuis sa source.<\/a><\/p>\n","protected":false},"excerpt":{"rendered":"<p>Publi\u00e9 le 07.05.2021 \u00e0 17h18 par APA News La compagnie RwandAir a repris ce vendredi ses vols vers la Zambie et l\u2019Afrique du Sud.Ces vols de la compagnie a\u00e9rienne rwandaise vers Lusaka et Johannesburg ont \u00e9t\u00e9 suspendus depuis trois mois en raison des inqui\u00e9tudes suscit\u00e9es par le variant de la Covid-19 qui s\u00e9vit en Afrique [&hellip;]<\/p>\n","protected":false},"author":1965,"featured_media":0,"comment_status":"closed","ping_status":"closed","sticky":false,"template":"","format":"standard","meta":{"fifu_image_url":"","fifu_image_alt":"","footnotes":""},"categories":[73,82],"tags":[],"class_list":["post-116370","post","type-post","status-publish","format-standard","hentry","category-actualite","category-cameroun"],"_links":{"self":[{"href":"https:\/\/linitiative.ca\/International\/wp-json\/wp\/v2\/posts\/116370","targetHints":{"allow":["GET"]}}],"collection":[{"href":"https:\/\/linitiative.ca\/International\/wp-json\/wp\/v2\/posts"}],"about":[{"href":"https:\/\/linitiative.ca\/International\/wp-json\/wp\/v2\/types\/post"}],"author":[{"embeddable":true,"href":"https:\/\/linitiative.ca\/International\/wp-json\/wp\/v2\/users\/1965"}],"replies":[{"embeddable":true,"href":"https:\/\/linitiative.ca\/International\/wp-json\/wp\/v2\/comments?post=116370"}],"version-history":[{"count":0,"href":"https:\/\/linitiative.ca\/International\/wp-json\/wp\/v2\/posts\/116370\/revisions"}],"wp:attachment":[{"href":"https:\/\/linitiative.ca\/International\/wp-json\/wp\/v2\/media?parent=116370"}],"wp:term":[{"taxonomy":"category","embeddable":true,"href":"https:\/\/linitiative.ca\/International\/wp-json\/wp\/v2\/categories?post=116370"},{"taxonomy":"post_tag","embeddable":true,"href":"https:\/\/linitiative.ca\/International\/wp-json\/wp\/v2\/tags?post=116370"}],"curies":[{"name":"wp","href":"https:\/\/api.w.org\/{rel}","templated":true}]}}