{"id":116371,"date":"2021-05-07T13:18:02","date_gmt":"2021-05-07T17:18:02","guid":{"rendered":"https:\/\/linitiative.ca\/International\/afsud-ramaphosa-en-guerre-contre-la-corruption\/"},"modified":"2021-05-07T13:18:02","modified_gmt":"2021-05-07T17:18:02","slug":"afsud-ramaphosa-en-guerre-contre-la-corruption","status":"publish","type":"post","link":"https:\/\/linitiative.ca\/International\/afsud-ramaphosa-en-guerre-contre-la-corruption\/","title":{"rendered":"Af\u2019Sud : Ramaphosa en guerre contre la corruption"},"content":{"rendered":"<div readability=\"32\">\n<p>Publi\u00e9 le 07.05.2021 \u00e0 18h18 par APA News<\/p>\n<\/div>\n<div readability=\"63\">\n<p>Le pr\u00e9sident sud-africain, Cyril Ramaphosa, veut mettre fin \u00e0 la corruption dans l\u2019administration.Il a d\u00e9clar\u00e9 la guerre contre la corruption au plus haut niveau dans le pays, soutenant, jeudi au Parlement, que \u00ab les jours de la prise de contr\u00f4le de l\u2019Etat (State capture, en anglais) sont termin\u00e9s \u00bb.<\/p>\n<p>R\u00e9pondant \u00e0 une question du leader du principal parti d\u2019opposition, l\u2019Alliance d\u00e9mocratique (DA), John Steenhuisen, qui lui demandait s\u2019il soutiendrait un projet de loi soumis par son parti pour mettre fin au \u00ab d\u00e9ploiement de cadres \u00bb, M. Ramaphosa a d\u00e9clar\u00e9 que le d\u00e9ploiement de cadres \u00e9tait un ph\u00e9nom\u00e8ne mondial utilis\u00e9 par les gouvernements.<\/p>\n<p>\u00ab Tous les partis, y compris la DA, proc\u00e8dent \u00e0 des nominations politiques. Mais je vous assure que nous travaillons \u00e0 la professionnalisation de l\u2019administration \u00bb, a indiqu\u00e9 le chef de l\u2019Etat sud-africain.<\/p>\n<p>La nomination de cadres du Congr\u00e8s national africain (ANC, au pouvoir) dans l\u2019administration et dans le gouvernement a r\u00e9cemment fait la Une des journaux. On reproche \u00e0 ces derniers de mauvaises performances et de manque de professionnalisme. On les accuse aussi de d\u00e9tournements de fonds publics.<\/p>\n<\/div>\n<p>Auteur: APA News<br \/>\n<a href=\"https:\/\/www.journalducameroun.com\/afsud-ramaphosa-en-guerre-contre-la-corruption\/\">Cliquez ici pour lire l&rsquo;article depuis sa source.<\/a><\/p>\n","protected":false},"excerpt":{"rendered":"<p>Publi\u00e9 le 07.05.2021 \u00e0 18h18 par APA News Le pr\u00e9sident sud-africain, Cyril Ramaphosa, veut mettre fin \u00e0 la corruption dans l\u2019administration.Il a d\u00e9clar\u00e9 la guerre contre la corruption au plus haut niveau dans le pays, soutenant, jeudi au Parlement, que \u00ab les jours de la prise de contr\u00f4le de l\u2019Etat (State capture, en anglais) sont [&hellip;]<\/p>\n","protected":false},"author":1965,"featured_media":0,"comment_status":"closed","ping_status":"closed","sticky":false,"template":"","format":"standard","meta":{"fifu_image_url":"","fifu_image_alt":"","footnotes":""},"categories":[73,82],"tags":[],"class_list":["post-116371","post","type-post","status-publish","format-standard","hentry","category-actualite","category-cameroun"],"_links":{"self":[{"href":"https:\/\/linitiative.ca\/International\/wp-json\/wp\/v2\/posts\/116371","targetHints":{"allow":["GET"]}}],"collection":[{"href":"https:\/\/linitiative.ca\/International\/wp-json\/wp\/v2\/posts"}],"about":[{"href":"https:\/\/linitiative.ca\/International\/wp-json\/wp\/v2\/types\/post"}],"author":[{"embeddable":true,"href":"https:\/\/linitiative.ca\/International\/wp-json\/wp\/v2\/users\/1965"}],"replies":[{"embeddable":true,"href":"https:\/\/linitiative.ca\/International\/wp-json\/wp\/v2\/comments?post=116371"}],"version-history":[{"count":0,"href":"https:\/\/linitiative.ca\/International\/wp-json\/wp\/v2\/posts\/116371\/revisions"}],"wp:attachment":[{"href":"https:\/\/linitiative.ca\/International\/wp-json\/wp\/v2\/media?parent=116371"}],"wp:term":[{"taxonomy":"category","embeddable":true,"href":"https:\/\/linitiative.ca\/International\/wp-json\/wp\/v2\/categories?post=116371"},{"taxonomy":"post_tag","embeddable":true,"href":"https:\/\/linitiative.ca\/International\/wp-json\/wp\/v2\/tags?post=116371"}],"curies":[{"name":"wp","href":"https:\/\/api.w.org\/{rel}","templated":true}]}}