{"id":116372,"date":"2021-05-07T13:18:02","date_gmt":"2021-05-07T17:18:02","guid":{"rendered":"https:\/\/linitiative.ca\/International\/senegal-pres-de-10-milliards-de-lafd-pour-leducation\/"},"modified":"2021-05-07T13:18:02","modified_gmt":"2021-05-07T17:18:02","slug":"senegal-pres-de-10-milliards-de-lafd-pour-leducation","status":"publish","type":"post","link":"https:\/\/linitiative.ca\/International\/senegal-pres-de-10-milliards-de-lafd-pour-leducation\/","title":{"rendered":"S\u00e9n\u00e9gal : pr\u00e8s de 10 milliards de l\u2019AFD pour l\u2019\u00e9ducation"},"content":{"rendered":"<div readability=\"32\">\n<p>Publi\u00e9 le 07.05.2021 \u00e0 18h18 par APA News<\/p>\n<\/div>\n<div readability=\"74\">\n<p>L\u2019Agence fran\u00e7aise de d\u00e9veloppement (AFD) a octroy\u00e9 un financement d\u2019un montant de 9,8 milliards de FCFA au projet d\u2019appui au d\u00e9veloppement de l\u2019enseignement moyen (ADEM II).La forte progression du taux de scolarisation des \u00e9l\u00e8ves de 6 \u00e0 11 ans en cycle primaire ces derni\u00e8res ann\u00e9es (86% en 2020, contre 67% en 2000), am\u00e8ne une forte tension sur l\u2019acc\u00e8s aux cycles ult\u00e9rieurs coll\u00e8ge \/ lyc\u00e9e.<\/p>\n<p>En effet, de plus en plus de jeunes de 12 \u00e0 20 ans souhaitent s\u2019inscrire dans ces cycles. En d\u00e9pit d\u2019efforts sensibles de scolarisation au cycle moyen (+ 32 569 \u00e9l\u00e8ves en 2020 par rapport \u00e0 2016), seuls 51% des enfants en \u00e2ge d\u2019aller au coll\u00e8ge ont \u00e9t\u00e9 re\u00e7us dans ce cycle en 2020.<\/p>\n<p>Pour pallier ce probl\u00e8me, 14 coll\u00e8ges ont \u00e9t\u00e9 construits ou r\u00e9habilit\u00e9s dans la r\u00e9gion de Dakar gr\u00e2ce au projet ADEM I (achev\u00e9 en 2020), informe le communiqu\u00e9 de la signature de la convention de financement, parvenu ce vendredi \u00e0 APA.<\/p>\n<p>Le projet a \u00e9galement permis au minist\u00e8re de l\u2019Education Nationale (MEN) de renforcer les capacit\u00e9s de plus de 2000 enseignants et encadrants p\u00e9dagogiques sur des th\u00e9matiques li\u00e9es \u00e0 la r\u00e9ussite des \u00e9l\u00e8ves et d\u2019appuyer 78 projets d\u2019\u00e9tablissement dans les diff\u00e9rentes acad\u00e9mies de la r\u00e9gion de Dakar.<\/p>\n<p>Fort de ce succ\u00e8s, l\u2019AFD a octroy\u00e9 fin 2019 un financement additionnel de 15 millions d\u2019euros \u00e0 l\u2019Etat du S\u00e9n\u00e9gal pour renforcer la transition du primaire vers le coll\u00e8ge et le lyc\u00e9e.<\/p>\n<p>L\u2019objectif d\u2019ADEM II est d\u2019am\u00e9liorer les capacit\u00e9s et conditions d\u2019accueil et de r\u00e9ussite des \u00e9l\u00e8ves dans l\u2019enseignement moyen et secondaire des r\u00e9gions de Dakar, Thi\u00e8s et Kaolack, principalement dans les zones p\u00e9ri-urbaines les plus d\u00e9favoris\u00e9es.<\/p>\n<p>Le projet ambitionne par ailleurs la construction ou la r\u00e9habilitation d\u2019une vingtaine d\u2019\u00e9tablissements d\u2019enseignement.<\/p>\n<p>Les constructions mettront l\u2019accent sur l\u2019am\u00e9lioration de l\u2019efficacit\u00e9 \u00e9nerg\u00e9tique des b\u00e2timents avec le choix d\u2019une architecture bio-climatique et le d\u00e9veloppement d\u2019une culture de la maintenance des infrastructures, pour favoriser la durabilit\u00e9 des investissements.<\/p>\n<\/div>\n<p>Auteur: APA News<br \/>\n<a href=\"https:\/\/www.journalducameroun.com\/senegal-pres-de-10-milliards-de-lafd-pour-leducation\/\">Cliquez ici pour lire l&rsquo;article depuis sa source.<\/a><\/p>\n","protected":false},"excerpt":{"rendered":"<p>Publi\u00e9 le 07.05.2021 \u00e0 18h18 par APA News L\u2019Agence fran\u00e7aise de d\u00e9veloppement (AFD) a octroy\u00e9 un financement d\u2019un montant de 9,8 milliards de FCFA au projet d\u2019appui au d\u00e9veloppement de l\u2019enseignement moyen (ADEM II).La forte progression du taux de scolarisation des \u00e9l\u00e8ves de 6 \u00e0 11 ans en cycle primaire ces derni\u00e8res ann\u00e9es (86% en [&hellip;]<\/p>\n","protected":false},"author":1965,"featured_media":0,"comment_status":"closed","ping_status":"closed","sticky":false,"template":"","format":"standard","meta":{"fifu_image_url":"","fifu_image_alt":"","footnotes":""},"categories":[73,82],"tags":[],"class_list":["post-116372","post","type-post","status-publish","format-standard","hentry","category-actualite","category-cameroun"],"_links":{"self":[{"href":"https:\/\/linitiative.ca\/International\/wp-json\/wp\/v2\/posts\/116372","targetHints":{"allow":["GET"]}}],"collection":[{"href":"https:\/\/linitiative.ca\/International\/wp-json\/wp\/v2\/posts"}],"about":[{"href":"https:\/\/linitiative.ca\/International\/wp-json\/wp\/v2\/types\/post"}],"author":[{"embeddable":true,"href":"https:\/\/linitiative.ca\/International\/wp-json\/wp\/v2\/users\/1965"}],"replies":[{"embeddable":true,"href":"https:\/\/linitiative.ca\/International\/wp-json\/wp\/v2\/comments?post=116372"}],"version-history":[{"count":0,"href":"https:\/\/linitiative.ca\/International\/wp-json\/wp\/v2\/posts\/116372\/revisions"}],"wp:attachment":[{"href":"https:\/\/linitiative.ca\/International\/wp-json\/wp\/v2\/media?parent=116372"}],"wp:term":[{"taxonomy":"category","embeddable":true,"href":"https:\/\/linitiative.ca\/International\/wp-json\/wp\/v2\/categories?post=116372"},{"taxonomy":"post_tag","embeddable":true,"href":"https:\/\/linitiative.ca\/International\/wp-json\/wp\/v2\/tags?post=116372"}],"curies":[{"name":"wp","href":"https:\/\/api.w.org\/{rel}","templated":true}]}}