{"id":116375,"date":"2021-05-08T06:53:07","date_gmt":"2021-05-08T10:53:07","guid":{"rendered":"https:\/\/linitiative.ca\/International\/education-nationale-traitement-des-demandes-de-mutation-et-de-retraite-anticipee-du-17-au-28-mai\/"},"modified":"2021-05-08T06:53:07","modified_gmt":"2021-05-08T10:53:07","slug":"education-nationale-traitement-des-demandes-de-mutation-et-de-retraite-anticipee-du-17-au-28-mai","status":"publish","type":"post","link":"https:\/\/linitiative.ca\/International\/education-nationale-traitement-des-demandes-de-mutation-et-de-retraite-anticipee-du-17-au-28-mai\/","title":{"rendered":"Education nationale: Traitement des demandes de mutation et de retraite anticip\u00e9e du 17 au 28 mai"},"content":{"rendered":"<header>\n<\/header>\n<div class=\"entry-content clearfix\" readability=\"59.358288770053\">\n<figure class=\"post-thumbnail\" itemprop=\"associatedMedia\" itemscope=\"itemscope\" itemtype=\"http:\/\/schema.org\/ImageObject\"><img decoding=\"async\" class=\"post_layout_5_img\" src=\"http:\/\/aujourdhui.ma\/wp-content\/uploads\/2016\/02\/ministere-de-l-Education-nationale-Maroc.jpg\" alt=\"Education nationale: Traitement des demandes de mutation et de retraite anticip\u00e9e du 17 au 28 mai\"\/><\/figure>\n<p><span class=\"c7\"><strong>Le minist\u00e8re de l\u2019\u00c9ducation nationale, de la formation professionnelle, de l\u2019enseignement sup\u00e9rieur et la recherche scientifique a annonc\u00e9, vendredi, le traitement \u00e0 distance, du 17 au 28 mai, les demandes de mutation pour raisons de sant\u00e9 et de pension de la retraite anticip\u00e9e pour incapacit\u00e9 physique, au titre de l\u2019ann\u00e9e scolaire 2021-2022.<\/strong><\/span><br \/><span id=\"more-375957\"\/><\/p>\n<p>Les listes nominatives des fonctionnaires ont \u00e9t\u00e9 publi\u00e9es sur le portail \u00e9lectronique <strong><span class=\"c9\"><a class=\"c8\" href=\"https:\/\/www.men.gov.ma\/Ar\/Pages\/Accueil.aspx\" target=\"_blank\" rel=\"noopener noreferrer\">www.men.gov.ma<\/a><\/span><\/strong>, a indiqu\u00e9 un communiqu\u00e9 du minist\u00e8re, ajoutant qu\u2019 ils seront examin\u00e9s \u00ab\u00a0\u00e0 distance\u00a0\u00bb par la commission m\u00e9dicale centrale du minist\u00e8re de la Sant\u00e9, charg\u00e9e d\u2019\u00e9tudier les demandes de mutation pour raisons de sant\u00e9 et les demandes de pension avant l\u2019\u00e2ge de la retraite pour incapacit\u00e9 physique, au titre de l\u2019ann\u00e9e scolaire 2021-2022.<br \/>Ce communiqu\u00e9 est consid\u00e9r\u00e9 comme une convocation adress\u00e9e \u00e0 toutes les parties concern\u00e9es, dont les noms figurent dans les listes, ajoute la m\u00eame source, pr\u00e9cisant qu\u2019elles doivent se pr\u00e9parer \u00e0 cet examen selon le calendrier sp\u00e9cifi\u00e9.<\/p>\n<p>L\u2019acad\u00e9mie r\u00e9gionale de l\u2019\u00e9ducation et de la formation ou la direction provinciale les plus proches de leurs domiciles resteront \u00e0 leur disposition, afin de faciliter ce processus \u00ab\u00a0\u00e0 distance\u00a0\u00bb, conclut le communiqu\u00e9.<\/p>\n<\/div>\n<p>Auteur: ALM<br \/>\n<a href=\"https:\/\/aujourdhui.ma\/actualite\/education-nationale-traitement-des-demandes-de-mutation-et-de-retraite-anticipee-du-17-au-28-mai\">Cliquez ici pour lire l&rsquo;article depuis sa source.<\/a><\/p>\n","protected":false},"excerpt":{"rendered":"<p>Le minist\u00e8re de l\u2019\u00c9ducation nationale, de la formation professionnelle, de l\u2019enseignement sup\u00e9rieur et la recherche scientifique a annonc\u00e9, vendredi, le traitement \u00e0 distance, du 17 au 28 mai, les demandes de mutation pour raisons de sant\u00e9 et de pension de la retraite anticip\u00e9e pour incapacit\u00e9 physique, au titre de l\u2019ann\u00e9e scolaire 2021-2022. Les listes nominatives [&hellip;]<\/p>\n","protected":false},"author":1759,"featured_media":0,"comment_status":"closed","ping_status":"closed","sticky":false,"template":"","format":"standard","meta":{"fifu_image_url":"http:\/\/aujourdhui.ma\/wp-content\/uploads\/2016\/02\/ministere-de-l-Education-nationale-Maroc.jpg","fifu_image_alt":"Education nationale: Traitement des demandes de mutation et de retraite anticip\u00e9e du 17 au 28 mai","footnotes":""},"categories":[73,54],"tags":[],"class_list":["post-116375","post","type-post","status-publish","format-standard","hentry","category-actualite","category-maroc"],"_links":{"self":[{"href":"https:\/\/linitiative.ca\/International\/wp-json\/wp\/v2\/posts\/116375","targetHints":{"allow":["GET"]}}],"collection":[{"href":"https:\/\/linitiative.ca\/International\/wp-json\/wp\/v2\/posts"}],"about":[{"href":"https:\/\/linitiative.ca\/International\/wp-json\/wp\/v2\/types\/post"}],"author":[{"embeddable":true,"href":"https:\/\/linitiative.ca\/International\/wp-json\/wp\/v2\/users\/1759"}],"replies":[{"embeddable":true,"href":"https:\/\/linitiative.ca\/International\/wp-json\/wp\/v2\/comments?post=116375"}],"version-history":[{"count":0,"href":"https:\/\/linitiative.ca\/International\/wp-json\/wp\/v2\/posts\/116375\/revisions"}],"wp:attachment":[{"href":"https:\/\/linitiative.ca\/International\/wp-json\/wp\/v2\/media?parent=116375"}],"wp:term":[{"taxonomy":"category","embeddable":true,"href":"https:\/\/linitiative.ca\/International\/wp-json\/wp\/v2\/categories?post=116375"},{"taxonomy":"post_tag","embeddable":true,"href":"https:\/\/linitiative.ca\/International\/wp-json\/wp\/v2\/tags?post=116375"}],"curies":[{"name":"wp","href":"https:\/\/api.w.org\/{rel}","templated":true}]}}