{"id":116376,"date":"2021-05-08T06:53:28","date_gmt":"2021-05-08T10:53:28","guid":{"rendered":"https:\/\/linitiative.ca\/International\/affaire-du-denomme-brahim-ghali-le-maroc-prend-pleinement-acte-dune-decision-premeditee-de-lespagne\/"},"modified":"2021-05-08T06:53:28","modified_gmt":"2021-05-08T10:53:28","slug":"affaire-du-denomme-brahim-ghali-le-maroc-prend-pleinement-acte-dune-decision-premeditee-de-lespagne","status":"publish","type":"post","link":"https:\/\/linitiative.ca\/International\/affaire-du-denomme-brahim-ghali-le-maroc-prend-pleinement-acte-dune-decision-premeditee-de-lespagne\/","title":{"rendered":"Affaire du d\u00e9nomm\u00e9 Brahim Ghali : Le Maroc prend pleinement acte d\u2019une d\u00e9cision pr\u00e9m\u00e9dit\u00e9e de l\u2019Espagne"},"content":{"rendered":"<figure class=\"post-thumbnail\" itemprop=\"associatedMedia\" itemscope=\"itemscope\" itemtype=\"http:\/\/schema.org\/ImageObject\"><img decoding=\"async\" class=\"post_layout_5_img\" src=\"http:\/\/aujourdhui.ma\/wp-content\/uploads\/2020\/12\/Siege-ministere-affaires-etrangeres-et-cooperation-internationale-M-504x300-504x300-1.png\" alt=\"Affaire du d\u00e9nomm\u00e9 Brahim Ghali : Le Maroc prend pleinement acte d\u2019une d\u00e9cision pr\u00e9m\u00e9dit\u00e9e de l\u2019Espagne\"\/><\/figure>\n<p><span class=\"c7\"><strong>La d\u00e9cision des autorit\u00e9s espagnoles de ne pas aviser leurs homologues marocaines de la venue du chef des milices du \u00ab\u00a0polisario\u00a0\u00bb est un acte pr\u00e9m\u00e9dit\u00e9, un choix volontaire et une d\u00e9cision souveraine de l\u2019Espagne, dont le Maroc prend pleinement acte, a affirm\u00e9 le minist\u00e8re des Affaires \u00e9trang\u00e8res, de la coop\u00e9ration africaine et des Marocains r\u00e9sidant \u00e0 l\u2019\u00e9tranger.<\/strong><\/span><br \/><span id=\"more-375956\"\/><\/p>\n<p>Dans un communiqu\u00e9, le minist\u00e8re a soulign\u00e9 que \u00ab\u00a0la d\u00e9cision des autorit\u00e9s espagnoles de ne pas aviser leurs homologues marocaines de la venue du chef des milices du polisario , n\u2019est pas une simple omission. Il s\u2019agit d\u2019un acte pr\u00e9m\u00e9dit\u00e9, d\u2019un choix volontaire et d\u2019une d\u00e9cision souveraine de l\u2019Espagne, dont le Maroc prend pleinement acte. Il en tirera toutes les cons\u00e9quences\u00a0\u00bb.<br \/>\u00ab\u00a0Depuis que l\u2019Espagne a re\u00e7u sur son territoire le chef des milices du polisario , accus\u00e9 de crimes de guerre et de violations flagrantes des droits de l\u2019homme, les responsables espagnols ont multipli\u00e9 les d\u00e9clarations tentant de justifier cet acte grave et contraire \u00e0 l\u2019esprit de partenariat et de bon voisinage\u00a0\u00bb, rappelle le minist\u00e8re.<\/p>\n<p>Relevant que l\u2019invocation de consid\u00e9rations humanitaires ne saurait justifier cette attitude n\u00e9gative, le minist\u00e8re explique que \u00ab\u00a0les consid\u00e9rations humanitaires ne justifient pas les man\u0153uvres ourdies derri\u00e8re le dos d\u2019un partenaire et d\u2019un voisin\u00a0\u00bb.<br \/>Les consid\u00e9rations humanitaires, a-t-il ajout\u00e9, \u00ab\u00a0ne sauraient \u00eatre une panac\u00e9e que l\u2019on accorde s\u00e9lectivement au chef des milices du polisario , au moment o\u00f9 des milliers de personnes vivent dans des conditions inhumaines dans les camps de Tindouf\u00a0\u00bb.<br \/>Le minist\u00e8re soulign\u00e9 que les consid\u00e9rations humanitaires ne sauraient, non plus, expliquer l\u2019inaction de la justice espagnole, alors qu\u2019elle est dument saisie de plaintes document\u00e9es. \u00ab\u00a0L\u2019application de la loi et la pr\u00e9servation des droits des victimes ne sauraient se faire aux deux poids deux mesures, ni souffrir d\u2019aucun double standard\u00a0\u00bb, a-t-il not\u00e9.<br \/>Les consid\u00e9rations humanitaires, a-t-il poursuivi, \u00ab\u00a0n\u2019expliquent pas, par ailleurs, que l\u2019on soit complice d\u2019une usurpation d\u2019identit\u00e9 et falsification de passeport, destin\u00e9es \u00e0 contourner volontairement la loi\u00a0\u00bb.<\/p>\n<p>\u00ab\u00a0Enfin, les consid\u00e9rations humanitaires ne sauraient annuler les revendications l\u00e9gitimes des victimes de viol, de torture et des violations massives des droits de l\u2019homme commises par le chef de la milice du polisario \u00ab\u00a0, a fait observer le minist\u00e8re.<br \/>Le minist\u00e8re des Affaires \u00e9trang\u00e8res, de la coop\u00e9ration africaine et des MRE a en outre affirm\u00e9 que \u00ab\u00a0l\u2019attitude de certains responsables gouvernementaux, pr\u00e9jugeant de la r\u00e9action marocaine et minimisant l\u2019impact pourtant grave sur la relation, ne saurait occulter cette situation d\u00e9plorable\u00a0\u00bb.<br \/>La pr\u00e9servation du partenariat bilat\u00e9ral est une responsabilit\u00e9 partag\u00e9e, qui se nourrit d\u2019un engagement permanent pour sauvegarder la confiance mutuelle, maintenir la coop\u00e9ration fructueuse et sauvegarder les int\u00e9r\u00eats strat\u00e9giques des deux pays, a-t-il conclu.<\/p>\n<p>Auteur: ALM<br \/>\n<a href=\"https:\/\/aujourdhui.ma\/politique\/affaire-du-denomme-brahim-ghali-le-maroc-prend-pleinement-acte-dune-decision-premeditee-de-lespagne\">Cliquez ici pour lire l&rsquo;article depuis sa source.<\/a><\/p>\n","protected":false},"excerpt":{"rendered":"<p>La d\u00e9cision des autorit\u00e9s espagnoles de ne pas aviser leurs homologues marocaines de la venue du chef des milices du \u00ab\u00a0polisario\u00a0\u00bb est un acte pr\u00e9m\u00e9dit\u00e9, un choix volontaire et une d\u00e9cision souveraine de l\u2019Espagne, dont le Maroc prend pleinement acte, a affirm\u00e9 le minist\u00e8re des Affaires \u00e9trang\u00e8res, de la coop\u00e9ration africaine et des Marocains r\u00e9sidant [&hellip;]<\/p>\n","protected":false},"author":1759,"featured_media":0,"comment_status":"closed","ping_status":"closed","sticky":false,"template":"","format":"standard","meta":{"fifu_image_url":"http:\/\/aujourdhui.ma\/wp-content\/uploads\/2020\/12\/Siege-ministere-affaires-etrangeres-et-cooperation-internationale-M-504x300-504x300-1.png","fifu_image_alt":"Affaire du d\u00e9nomm\u00e9 Brahim Ghali : Le Maroc prend pleinement acte d\u2019une d\u00e9cision pr\u00e9m\u00e9dit\u00e9e de l\u2019Espagne","footnotes":""},"categories":[73,54],"tags":[],"class_list":["post-116376","post","type-post","status-publish","format-standard","hentry","category-actualite","category-maroc"],"_links":{"self":[{"href":"https:\/\/linitiative.ca\/International\/wp-json\/wp\/v2\/posts\/116376","targetHints":{"allow":["GET"]}}],"collection":[{"href":"https:\/\/linitiative.ca\/International\/wp-json\/wp\/v2\/posts"}],"about":[{"href":"https:\/\/linitiative.ca\/International\/wp-json\/wp\/v2\/types\/post"}],"author":[{"embeddable":true,"href":"https:\/\/linitiative.ca\/International\/wp-json\/wp\/v2\/users\/1759"}],"replies":[{"embeddable":true,"href":"https:\/\/linitiative.ca\/International\/wp-json\/wp\/v2\/comments?post=116376"}],"version-history":[{"count":0,"href":"https:\/\/linitiative.ca\/International\/wp-json\/wp\/v2\/posts\/116376\/revisions"}],"wp:attachment":[{"href":"https:\/\/linitiative.ca\/International\/wp-json\/wp\/v2\/media?parent=116376"}],"wp:term":[{"taxonomy":"category","embeddable":true,"href":"https:\/\/linitiative.ca\/International\/wp-json\/wp\/v2\/categories?post=116376"},{"taxonomy":"post_tag","embeddable":true,"href":"https:\/\/linitiative.ca\/International\/wp-json\/wp\/v2\/tags?post=116376"}],"curies":[{"name":"wp","href":"https:\/\/api.w.org\/{rel}","templated":true}]}}