{"id":116377,"date":"2021-05-08T07:13:29","date_gmt":"2021-05-08T11:13:29","guid":{"rendered":"https:\/\/linitiative.ca\/International\/campagne-de-vaccination-covid-les-personnes-agees-entre-50-et-55-ans-peuvent-desormais-se-faire-vacciner\/"},"modified":"2021-05-08T07:13:29","modified_gmt":"2021-05-08T11:13:29","slug":"campagne-de-vaccination-covid-les-personnes-agees-entre-50-et-55-ans-peuvent-desormais-se-faire-vacciner","status":"publish","type":"post","link":"https:\/\/linitiative.ca\/International\/campagne-de-vaccination-covid-les-personnes-agees-entre-50-et-55-ans-peuvent-desormais-se-faire-vacciner\/","title":{"rendered":"Campagne de vaccination Covid : Les personnes \u00e2g\u00e9es entre 50 et 55 ans peuvent d\u00e9sormais se faire vacciner"},"content":{"rendered":"<header>\n<\/header>\n<div class=\"entry-content clearfix\" readability=\"37\">\n<figure class=\"post-thumbnail\" itemprop=\"associatedMedia\" itemscope=\"itemscope\" itemtype=\"http:\/\/schema.org\/ImageObject\"><img decoding=\"async\" class=\"post_layout_5_img\" src=\"http:\/\/aujourdhui.ma\/wp-content\/uploads\/2021\/03\/Vaccin-Astrazeneca-1-1.jpg\" alt=\"Campagne de vaccination Covid : Les personnes \u00e2g\u00e9es entre 50 et 55 ans peuvent d\u00e9sormais se faire vacciner\"\/><\/figure>\n<p><span class=\"c7\"><strong>Le minist\u00e8re de la sant\u00e9 a annonc\u00e9 ce samedi 8 mais l\u2019\u00e9largissement de l\u2019op\u00e9ration nationale de vaccination contre la Covid 19 aux personnes \u00e2g\u00e9es entre 50 et 55 ans.<\/strong><\/span><br \/><span class=\"c8\"\/><\/p>\n<p>Les personnes d\u00e9sireuses de s\u2019enqu\u00e9rir sur la date et le lieu de leur vaccination peuvent envoyer le num\u00e9ro de leur CIN par message au 1717, indique un communiqu\u00e9 du minist\u00e8re.<\/p>\n<\/div>\n<p>Auteur: ALM<br \/>\n<a href=\"https:\/\/aujourdhui.ma\/societe\/campagne-de-vaccination-covid-les-personnes-agees-entre-50-et-55-ans-peuvent-desormais-se-faire-vacciner\">Cliquez ici pour lire l&rsquo;article depuis sa source.<\/a><\/p>\n","protected":false},"excerpt":{"rendered":"<p>Le minist\u00e8re de la sant\u00e9 a annonc\u00e9 ce samedi 8 mais l\u2019\u00e9largissement de l\u2019op\u00e9ration nationale de vaccination contre la Covid 19 aux personnes \u00e2g\u00e9es entre 50 et 55 ans. Les personnes d\u00e9sireuses de s\u2019enqu\u00e9rir sur la date et le lieu de leur vaccination peuvent envoyer le num\u00e9ro de leur CIN par message au 1717, indique [&hellip;]<\/p>\n","protected":false},"author":1759,"featured_media":0,"comment_status":"closed","ping_status":"closed","sticky":false,"template":"","format":"standard","meta":{"fifu_image_url":"http:\/\/aujourdhui.ma\/wp-content\/uploads\/2021\/03\/Vaccin-Astrazeneca-1-1.jpg","fifu_image_alt":"Campagne de vaccination Covid : Les personnes \u00e2g\u00e9es entre 50 et 55 ans peuvent d\u00e9sormais se faire vacciner","footnotes":""},"categories":[73,54],"tags":[],"class_list":["post-116377","post","type-post","status-publish","format-standard","hentry","category-actualite","category-maroc"],"_links":{"self":[{"href":"https:\/\/linitiative.ca\/International\/wp-json\/wp\/v2\/posts\/116377","targetHints":{"allow":["GET"]}}],"collection":[{"href":"https:\/\/linitiative.ca\/International\/wp-json\/wp\/v2\/posts"}],"about":[{"href":"https:\/\/linitiative.ca\/International\/wp-json\/wp\/v2\/types\/post"}],"author":[{"embeddable":true,"href":"https:\/\/linitiative.ca\/International\/wp-json\/wp\/v2\/users\/1759"}],"replies":[{"embeddable":true,"href":"https:\/\/linitiative.ca\/International\/wp-json\/wp\/v2\/comments?post=116377"}],"version-history":[{"count":0,"href":"https:\/\/linitiative.ca\/International\/wp-json\/wp\/v2\/posts\/116377\/revisions"}],"wp:attachment":[{"href":"https:\/\/linitiative.ca\/International\/wp-json\/wp\/v2\/media?parent=116377"}],"wp:term":[{"taxonomy":"category","embeddable":true,"href":"https:\/\/linitiative.ca\/International\/wp-json\/wp\/v2\/categories?post=116377"},{"taxonomy":"post_tag","embeddable":true,"href":"https:\/\/linitiative.ca\/International\/wp-json\/wp\/v2\/tags?post=116377"}],"curies":[{"name":"wp","href":"https:\/\/api.w.org\/{rel}","templated":true}]}}