{"id":116378,"date":"2021-05-08T08:00:09","date_gmt":"2021-05-08T12:00:09","guid":{"rendered":"https:\/\/linitiative.ca\/International\/chefchaouen-en-hospitalisation-doffice-ho\/"},"modified":"2021-05-08T08:00:09","modified_gmt":"2021-05-08T12:00:09","slug":"chefchaouen-en-hospitalisation-doffice-ho","status":"publish","type":"post","link":"https:\/\/linitiative.ca\/International\/chefchaouen-en-hospitalisation-doffice-ho\/","title":{"rendered":"Chefchaouen en hospitalisation d\u2019office (HO)"},"content":{"rendered":"<figure class=\"post-thumbnail\" itemprop=\"associatedMedia\" itemscope=\"itemscope\" itemtype=\"http:\/\/schema.org\/ImageObject\"><img decoding=\"async\" class=\"post_layout_5_img\" src=\"http:\/\/aujourdhui.ma\/wp-content\/uploads\/2020\/05\/Dr-Imane-Kendili.jpg\" alt=\"Chefchaouen en hospitalisation d\u2019office (HO)\"\/><\/figure>\n<p><span class=\"c7\"><strong>\u00abLa soci\u00e9t\u00e9 domestique, tout comme la soci\u00e9t\u00e9 religieuse, est un puissant pr\u00e9servatif contre le suicide. Cette pr\u00e9servation est m\u00eame d\u2019autant plus compl\u00e8te que la famille est plus dense, c\u2019est-\u00e0-dire comprend un plus grand nombre d\u2019\u00e9l\u00e9ments (\u2026) La cause productrice du ph\u00e9nom\u00e8ne \u00e9chappe n\u00e9cessairement \u00e0 qui n\u2019observe que des individus ; car elle est en dehors des individus. Pour la d\u00e9couvrir, il faut s\u2019\u00e9lever au-dessus des suicides particuliers et apercevoir ce qui fait leur unit\u00e9\u00bb<\/strong><\/span><\/p>\n<p><strong><span class=\"c8\">Emile Durkheim<\/span><\/strong><span id=\"more-375886\"\/><\/p>\n<p>Le suicide. Nous y sommes. Un mot qui claque le tr\u00e9pas d\u2019une ville marocaine souvent coqueluche des magazines de mode. Que se passe-t-il ? Pourquoi la ville de Chefchaouen sonne-t-elle son glas ?<br \/>Le suicide a souvent \u00e9t\u00e9 sujet de discorde entre sociologues et psychiatres. Pourtant aujourd\u2019hui les deux se rejoignent.<br \/>Durkheim n\u2019a jamais \u00e9t\u00e9 plus contemporain et signe la question du suicide : pathologie sociale ou individuelle ? Quel trait d\u2019union?<br \/>Une ville qui s\u2019insurge contre un ph\u00e9nom\u00e8ne qui prend de l\u2019ampleur. Les articles fusent entre l\u2019implication du cannabis dans les d\u00e9compensations psychiatriques, et l\u2019issue fatale du passage \u00e0 l\u2019acte; et une campagne virtuelle contre le suicide d\u00e9marre \u00e0 Chefchaouen.<br \/>La peur de la mort impliquerait-elle d\u2019aller \u00e0 ses devants ?<br \/>La question du libre arbitre se pose mais la consonance philosophique s\u00e9duit certes, sauf que mon propos sera biologique ou plut\u00f4t bio-psycho-social. Pragmatique.<br \/>La substance reine consomm\u00e9e par les autochtones ou recherch\u00e9e par les touristes ne peut \u00eatre mise de c\u00f4t\u00e9 quand on voit la courbe ascendante des passages \u00e0 l\u2019acte suicidaire. Par ailleurs, quatorze mois de Covid et de difficult\u00e9s respiratoires \u00e9conomiques et sociales n\u2019arrangent gu\u00e8re les choses. Ajoutez un grain de fragilit\u00e9 g\u00e9n\u00e9tique, des facteurs de pr\u00e9disposition, une histoire et un environnement sans r\u00e9els \u00e9l\u00e9ments de protection avec un nuage de fum\u00e9e amotivationnelle et hallucinog\u00e8ne et embarquez-vous dans la pers\u00e9cution, la parano\u00efa, les affects d\u00e9pressifs, l\u2019absence d\u2019autonomie et de projet de vie.<br \/>Mais encore, \u00e0 souligner encore une fois au risque de se r\u00e9p\u00e9ter ou qui sait obtenir un impact par la technique du disque ray\u00e9, le cannabis a un lien scientifique prouv\u00e9 avec la gen\u00e8se de la maladie mentale comme la schizophr\u00e9nie ou le trouble bipolaire.<br \/>Or, la maladie mentale est pourvoyeuse de suicide. Le lien est vite fait. Mais alors, devant le projet de loi concernant la d\u00e9p\u00e9nalisation du cannabis \u00e0 des fins industrielles et m\u00e9dicales, serait-il possible pour nos repr\u00e9sentants de penser structurer la consommation r\u00e9cr\u00e9ative qui devient \u00absuicidaire\u00bb et prot\u00e9ger par des lois claires la jeunesse par un \u00e2ge l\u00e9gal de possibilit\u00e9 de consommation. Car, messieurs-dames, la consommation existe, elle impacte les cerveaux de nos jeunes et fait entrer dans la maladie mentale les moins chanceux.<br \/>Comment faire pour une prise de conscience collective ? Chefchaouen vocif\u00e8re sa r\u00e9alit\u00e9 aux croisements du cannabis, du mal-\u00eatre social et de la d\u00e9compensation psychiatrique. Mais qui l\u2019\u00e9coute? Certains pays ont d\u00e9j\u00e0 mis en place un plan sant\u00e9 mentale avec la crise Covid qui en bon \u00e9l\u00e9ment de fragilit\u00e9 \u00e9conomique et sociale connote la faille psychiatrique et ses cons\u00e9quences. Mais alors, bien qu\u2019ayant excellemment g\u00e9r\u00e9 la crise, pense-t-on \u00e0 notre sant\u00e9 mentale ? Et surtout, sommes-nous sensibilis\u00e9s \u00e0 pr\u00e9venir les maux psychologiques et psychiatriques car avec une population anxieuse, obsessionnelle, phobique, insomniaque ou d\u00e9pressive pour les mieux nantis la relance sera difficile. Autant donner une monture \u00e0 un cul-de jatte.<br \/>Encore mieux, avec consommation de drogues, de smartphones et de r\u00e9seaux asociaux, la pers\u00e9cution, le retrait social, la parano\u00efa, l\u2019agressivit\u00e9, et la violence sous ses diff\u00e9rentes formes fusent et nous rappellent \u00e0 notre condition d\u2019humain. Les limites. Les limites et le cadre. Le cadre est la s\u00e9curit\u00e9. La s\u00e9curit\u00e9 est la lev\u00e9e de l\u2019angoisse. Or, la s\u00e9curit\u00e9 n\u2019est pas la morale admise en politique autruchienne de mise. La s\u00e9curit\u00e9 correspond aux r\u00e8gles de vie commune dans un environnement s\u00e9cure.<br \/>Les r\u00e8gles impliquent la mesure. Or, la d\u00e9mesure est le tempo de la modernit\u00e9.<br \/>Nous sommes tous des culs-de-jatte chevauchant des chim\u00e8res. Une fois la chim\u00e8re \u00e9vapor\u00e9e, on n \u2018est meilleurs qu\u2019\u00e0 mourir. Des Gisors masqu\u00e9s de plus en plus jeunes blas\u00e9s de tout.<br \/>A quoi bon vivre quand on a tout ? Tout sans bouger d\u2019un iota. Une bonne connexion et une bonne d\u00e9connexion. L\u2019absurde connexion virtuelle coupl\u00e9e \u00e0 la d\u00e9connexion du cannabis. Le constat est vite fait. Un enfant sympt\u00f4me du syst\u00e8me familial symboliquement malade.<br \/>Aujourd\u2019hui c\u2019est Chefchaouen ! Et demain?<br \/>L\u2019unicit\u00e9 \u00e9tant claire. Du moins \u00e0 Chefchaouen.Un joint de plus s\u2019il vous pla\u00eet !<\/p>\n<p><span class=\"c8\">(1) HO : hospitalisation d\u2019office-terme d\u2019utilisation administrative psychiatrique quand une hospitalisation en unit\u00e9 psychiatrique est de mise pour mettre \u00e0 l\u2019abri un patient constituant un danger pour lui-m\u00eame ou pour les autres.<\/span><\/p>\n<p>Auteur: ALM<br \/>\n<a href=\"https:\/\/aujourdhui.ma\/chroniques\/chefchaouen-en-hospitalisation-doffice-ho\">Cliquez ici pour lire l&rsquo;article depuis sa source.<\/a><\/p>\n","protected":false},"excerpt":{"rendered":"<p>\u00abLa soci\u00e9t\u00e9 domestique, tout comme la soci\u00e9t\u00e9 religieuse, est un puissant pr\u00e9servatif contre le suicide. Cette pr\u00e9servation est m\u00eame d\u2019autant plus compl\u00e8te que la famille est plus dense, c\u2019est-\u00e0-dire comprend un plus grand nombre d\u2019\u00e9l\u00e9ments (\u2026) La cause productrice du ph\u00e9nom\u00e8ne \u00e9chappe n\u00e9cessairement \u00e0 qui n\u2019observe que des individus ; car elle est en dehors [&hellip;]<\/p>\n","protected":false},"author":1759,"featured_media":0,"comment_status":"closed","ping_status":"closed","sticky":false,"template":"","format":"standard","meta":{"fifu_image_url":"http:\/\/aujourdhui.ma\/wp-content\/uploads\/2020\/05\/Dr-Imane-Kendili.jpg","fifu_image_alt":"Chefchaouen en hospitalisation d\u2019office (HO)","footnotes":""},"categories":[73,54],"tags":[],"class_list":["post-116378","post","type-post","status-publish","format-standard","hentry","category-actualite","category-maroc"],"_links":{"self":[{"href":"https:\/\/linitiative.ca\/International\/wp-json\/wp\/v2\/posts\/116378","targetHints":{"allow":["GET"]}}],"collection":[{"href":"https:\/\/linitiative.ca\/International\/wp-json\/wp\/v2\/posts"}],"about":[{"href":"https:\/\/linitiative.ca\/International\/wp-json\/wp\/v2\/types\/post"}],"author":[{"embeddable":true,"href":"https:\/\/linitiative.ca\/International\/wp-json\/wp\/v2\/users\/1759"}],"replies":[{"embeddable":true,"href":"https:\/\/linitiative.ca\/International\/wp-json\/wp\/v2\/comments?post=116378"}],"version-history":[{"count":0,"href":"https:\/\/linitiative.ca\/International\/wp-json\/wp\/v2\/posts\/116378\/revisions"}],"wp:attachment":[{"href":"https:\/\/linitiative.ca\/International\/wp-json\/wp\/v2\/media?parent=116378"}],"wp:term":[{"taxonomy":"category","embeddable":true,"href":"https:\/\/linitiative.ca\/International\/wp-json\/wp\/v2\/categories?post=116378"},{"taxonomy":"post_tag","embeddable":true,"href":"https:\/\/linitiative.ca\/International\/wp-json\/wp\/v2\/tags?post=116378"}],"curies":[{"name":"wp","href":"https:\/\/api.w.org\/{rel}","templated":true}]}}