{"id":11638,"date":"2019-02-05T10:55:34","date_gmt":"2019-02-05T15:55:34","guid":{"rendered":"https:\/\/linitiative.ca\/International\/cross-scolaire-championnat-maghrebin-la-dt-insatisfaite-des-resultats-des-algeriens\/"},"modified":"2019-02-05T10:55:34","modified_gmt":"2019-02-05T15:55:34","slug":"cross-scolaire-championnat-maghrebin-la-dt-insatisfaite-des-resultats-des-algeriens","status":"publish","type":"post","link":"https:\/\/linitiative.ca\/International\/cross-scolaire-championnat-maghrebin-la-dt-insatisfaite-des-resultats-des-algeriens\/","title":{"rendered":"Cross scolaire\/championnat maghr\u00e9bin : la DT \u00ab\u00a0insatisfaite des r\u00e9sultats\u00a0\u00bb des Alg\u00e9riens"},"content":{"rendered":"<div>\n<div class=\"K2FeedImage\"><img decoding=\"async\" src=\"http:\/\/www.aps.dz\/media\/k2\/items\/cache\/4a4c341874e620007c1394b65bfccfc7_S.jpg\" alt=\"Cross scolaire\/championnat maghr\u00e9bin : la DT \" insatisfaite des r alg><\/div>\n<div class=\"K2FeedIntroText\">\n<p>ALGER- Le Directeur technique national de la F\u00e9d\u00e9ration alg\u00e9rienne de sport scolaire, Rachid Hafsaoui, a indiqu\u00e9 mardi que l&rsquo;instance f\u00e9d\u00e9rale \u00ab\u00a0n&rsquo;est pas satisfaite\u00a0\u00bb des r\u00e9sultats de la participation alg\u00e9rienne au championnat maghr\u00e9bin disput\u00e9 samedi dernier \u00e0 Sakiet Sidi Youcef (Tunisie), affirmant que plusieurs questions d&rsquo;ordre technique seront r\u00e9examin\u00e9es.<\/p>\n<\/div>\n<div class=\"K2FeedFullText\">\n<blockquote>\n<p><em><strong>\u00ab\u00a0Certes nous avons particip\u00e9 avec l&rsquo;\u00e9quipe B, mais nous sommes insatisfaits de notre participation, puisque nos athl\u00e8tes ont r\u00e9alis\u00e9 des r\u00e9sultats inattendus et pas \u00e0 la hauteur de nos esp\u00e9rances\u00a0\u00bb, a d\u00e9clar\u00e9 \u00e0 l&rsquo;APS le DTN charg\u00e9 des disciplines individuelles<\/strong><\/em>.<\/p>\n<\/blockquote>\n<p>L&rsquo;Alg\u00e9rie s&rsquo;est content\u00e9e d&rsquo;une m\u00e9daille d&rsquo;argent et trois en bronze dans cette comp\u00e9tition maghr\u00e9bine.<\/p>\n<blockquote>\n<p><em><strong>\u00ab\u00a0Nos meilleurs athl\u00e8tes sur lesquels nous avions mis\u00e9, \u00e9taient absents, vu leur participation au championnat arabe de cross en Jordanie. Nous allons revoir beaucoup d&rsquo;aspects techniques, tels les crit\u00e8res de qualification et le mode de participation aux comp\u00e9titions nationales, le but \u00e9tant d&rsquo;am\u00e9liorer les performances\u00a0\u00bb, a expliqu\u00e9 Rachid Hafsaoui, ajoutant que cela sera discut\u00e9 lors de la prochaine r\u00e9union du bureau f\u00e9d\u00e9ral et lors du prochain coll\u00e8ge technique national.<\/strong><\/em><\/p>\n<\/blockquote>\n<p>L&rsquo;athl\u00e8te Djemai Hassen a remport\u00e9 la m\u00e9daille d&rsquo;argent de l&rsquo;\u00e9preuve minimes gar\u00e7ons, alors que les m\u00e9dailles de bronze alg\u00e9riennes ont \u00e9t\u00e9 acquises dans les \u00e9preuves par \u00e9quipes f\u00e9minines : minimes, cadettes et juniors. La Direction technique nationale, rappelle-t-on, avait fix\u00e9 comme objectif, celui d&rsquo;occuper le haut du podium aussi bien en Individuels que par Equipes.\u00a0<\/p>\n<p>Au rendez-vous de Sakiet Sidi Youcef, la s\u00e9lection alg\u00e9rienne est compos\u00e9e de 24 coureurs : 12 minimes (6 gar\u00e7ons et 6 filles) et 12 cadets (6 gar\u00e7ons et 6 filles). Les athl\u00e8tes sont coach\u00e9s par quatre entra\u00eeneurs : Radhi Blalit (Minimes), Soraya Djouid (Minimes filles), Moulay Bacha (Cadettes) et Abdelkrim Belbachir (Cadets).<\/p>\n<p>Cette comp\u00e9tition maghr\u00e9bine, organis\u00e9e chaque ann\u00e9e en comm\u00e9moration des bombardements meurtriers perp\u00e9tr\u00e9s en 1958 par les forces coloniales, r\u00e9unit les athl\u00e8tes minimes et cadets de Tunisie, d&rsquo;Alg\u00e9rie, du Maroc et de Libye.<\/p>\n<p>\u00a0<\/p>\n<\/div>\n<p><img loading=\"lazy\" decoding=\"async\" src=\"http:\/\/feeds.feedburner.com\/~r\/aps-sport\/~4\/scQ0OFln7U4\" height=\"1\" width=\"1\" alt=\"\"><\/div>\n","protected":false},"excerpt":{"rendered":"<p>ALGER- Le Directeur technique national de la F\u00e9d\u00e9ration alg\u00e9rienne de sport scolaire, Rachid Hafsaoui, a indiqu\u00e9 mardi que l&rsquo;instance f\u00e9d\u00e9rale \u00ab\u00a0n&rsquo;est pas satisfaite\u00a0\u00bb des r\u00e9sultats de la participation alg\u00e9rienne au championnat maghr\u00e9bin disput\u00e9 samedi dernier \u00e0 Sakiet Sidi Youcef (Tunisie), affirmant que plusieurs questions d&rsquo;ordre technique seront r\u00e9examin\u00e9es. \u00ab\u00a0Certes nous avons particip\u00e9 avec l&rsquo;\u00e9quipe B, [&hellip;]<\/p>\n","protected":false},"author":1790,"featured_media":11639,"comment_status":"closed","ping_status":"closed","sticky":false,"template":"","format":"standard","meta":{"fifu_image_url":"","fifu_image_alt":"","footnotes":""},"categories":[53,75],"tags":[],"class_list":["post-11638","post","type-post","status-publish","format-standard","has-post-thumbnail","hentry","category-algerie","category-sport"],"_links":{"self":[{"href":"https:\/\/linitiative.ca\/International\/wp-json\/wp\/v2\/posts\/11638","targetHints":{"allow":["GET"]}}],"collection":[{"href":"https:\/\/linitiative.ca\/International\/wp-json\/wp\/v2\/posts"}],"about":[{"href":"https:\/\/linitiative.ca\/International\/wp-json\/wp\/v2\/types\/post"}],"author":[{"embeddable":true,"href":"https:\/\/linitiative.ca\/International\/wp-json\/wp\/v2\/users\/1790"}],"replies":[{"embeddable":true,"href":"https:\/\/linitiative.ca\/International\/wp-json\/wp\/v2\/comments?post=11638"}],"version-history":[{"count":0,"href":"https:\/\/linitiative.ca\/International\/wp-json\/wp\/v2\/posts\/11638\/revisions"}],"wp:featuredmedia":[{"embeddable":true,"href":"https:\/\/linitiative.ca\/International\/wp-json\/"}],"wp:attachment":[{"href":"https:\/\/linitiative.ca\/International\/wp-json\/wp\/v2\/media?parent=11638"}],"wp:term":[{"taxonomy":"category","embeddable":true,"href":"https:\/\/linitiative.ca\/International\/wp-json\/wp\/v2\/categories?post=11638"},{"taxonomy":"post_tag","embeddable":true,"href":"https:\/\/linitiative.ca\/International\/wp-json\/wp\/v2\/tags?post=11638"}],"curies":[{"name":"wp","href":"https:\/\/api.w.org\/{rel}","templated":true}]}}