{"id":116380,"date":"2021-05-08T11:44:20","date_gmt":"2021-05-08T15:44:20","guid":{"rendered":"https:\/\/linitiative.ca\/International\/%ef%bb%bfqualifie-aux-demi-finales-le-raja-de-beni-mellal-reve-du-sacre\/"},"modified":"2021-05-08T11:44:20","modified_gmt":"2021-05-08T15:44:20","slug":"%ef%bb%bfqualifie-aux-demi-finales-le-raja-de-beni-mellal-reve-du-sacre","status":"publish","type":"post","link":"https:\/\/linitiative.ca\/International\/%ef%bb%bfqualifie-aux-demi-finales-le-raja-de-beni-mellal-reve-du-sacre\/","title":{"rendered":"\ufeffQualifi\u00e9 aux demi-finales, le Raja de B\u00e9ni Mellal r\u00eave du sacre"},"content":{"rendered":"<p class=\"has-text-color has-vivid-green-cyan-color c1\"><strong>Coupe du Tr\u00f4ne<\/strong><\/p>\n<p><strong>Apr\u00e8s sa qualification mardi soir, pour les demi-finales de la Coupe du Tr\u00f4ne de football (saison 2019-2020), au d\u00e9pend du Hassania d\u2019Agadir (HUSA) (2 buts \u00e0 0), le Raja de B\u00e9ni Mellal (RBM) veut aller le plus loin possible dans cette prestigieuse comp\u00e9tition et remporter la Coupe pour la premi\u00e8re fois de son histoire.<\/strong><\/p>\n<p>Lors d\u2019un match d\u00e9brid\u00e9 au cours duquel le onze mellali a domin\u00e9 le HUSA, les cavaliers d\u2019Ain Asserdoun ont gratifi\u00e9 les fid\u00e8les du stade municipal d\u2019honneur de B\u00e9ni Mellal par une belle prestation en inscrivant deux buts sign\u00e9s Abdelghafour Mehri \u00e0 la 64e minutes et Mehdi Dghoughi \u00e0 la 78e minutes sur penalty.<\/p>\n<p>Malgr\u00e9 l\u2019absence des supporters du vert mellali, les joueurs ont donn\u00e9 le maximum pour redorer le blason d\u2019une \u00e9quipe jusque-l\u00e0 en pleine crise apr\u00e8s une d\u00e9cente plut\u00f4t Cr\u00e8vec\u0153ur en deuxi\u00e8me s\u00e9rie lors de l\u2019ann\u00e9e derni\u00e8re.<\/p>\n<p>Avec cette victoire et la qualification en demi-finales, le RBM veut \u00e9crire son nom en lettres d\u2019or dans l\u2019histoire de cette comp\u00e9tition en remportant la coupe du tr\u00f4ne pour la premi\u00e8re fois alors.<\/p>\n<p>Les cavaliers d\u2019Ain Asserdoun affronteront le gagnant du match Raja Casablanca-AS FAR. Une mission pour le moins ardue, mais pas impossible pour les joueurs du RBM.<\/p>\n<p>Sur la toile, les supporters du RBM ont salu\u00e9 l\u2019effort collectif des joueurs mellali qui ont domin\u00e9 le match et d\u00e9croch\u00e9 une victoire d\u00e9cisive, saluant, l\u2019\u00e9veil important op\u00e9r\u00e9 par l\u2019entraineur Mostapha Lasri qui a r\u00e9ussi \u00e0 redonner vie \u00e0 une \u00e9quipe d\u00e9sorient\u00e9e.<\/p>\n<p>Alors que l\u2019\u00e9quipe semblait mal partie depuis le d\u00e9but de saison, cette qualification combien voulue par les Mellali a raviv\u00e9 les espoirs de voir l\u2019\u00e9quipe red\u00e9marrer, am\u00e9liorer son classement dans la Botola Pro D2 Inwi et pourquoi pas remporter la Coupe du Tr\u00f4ne.<\/p>\n<p>A rappeler que le Raja de B\u00e9ni Mellal avait recrut\u00e9 plus de 20 joueurs, et proc\u00e9d\u00e9 \u00e0 l\u2019amiable au remplacement de l\u2019entraineur Mohamed Madihi par M. Lasri.<\/p>\n<p>Les quarts de finale de la Coupe du Tr\u00f4ne se poursuivront mercredi par deux rencontres qui opposeront le Wydad Casablanca au Chabab Mohammedia et l\u2019AS FAR au Raja Casablanca.<\/p>\n<p>Auteur: M&rsquo;hammed rahal<br \/>\n<a href=\"http:\/\/albayane.press.ma\/%EF%BB%BFqualifie-aux-demi-finales-le-raja-de-beni-mellal-reve-du-sacre.html\">Cliquez ici pour lire l&rsquo;article depuis sa source.<\/a><\/p>\n","protected":false},"excerpt":{"rendered":"<p>Coupe du Tr\u00f4ne Apr\u00e8s sa qualification mardi soir, pour les demi-finales de la Coupe du Tr\u00f4ne de football (saison 2019-2020), au d\u00e9pend du Hassania d\u2019Agadir (HUSA) (2 buts \u00e0 0), le Raja de B\u00e9ni Mellal (RBM) veut aller le plus loin possible dans cette prestigieuse comp\u00e9tition et remporter la Coupe pour la premi\u00e8re fois de [&hellip;]<\/p>\n","protected":false},"author":1760,"featured_media":0,"comment_status":"closed","ping_status":"closed","sticky":false,"template":"","format":"standard","meta":{"fifu_image_url":"","fifu_image_alt":"","footnotes":""},"categories":[73,54],"tags":[],"class_list":["post-116380","post","type-post","status-publish","format-standard","hentry","category-actualite","category-maroc"],"_links":{"self":[{"href":"https:\/\/linitiative.ca\/International\/wp-json\/wp\/v2\/posts\/116380","targetHints":{"allow":["GET"]}}],"collection":[{"href":"https:\/\/linitiative.ca\/International\/wp-json\/wp\/v2\/posts"}],"about":[{"href":"https:\/\/linitiative.ca\/International\/wp-json\/wp\/v2\/types\/post"}],"author":[{"embeddable":true,"href":"https:\/\/linitiative.ca\/International\/wp-json\/wp\/v2\/users\/1760"}],"replies":[{"embeddable":true,"href":"https:\/\/linitiative.ca\/International\/wp-json\/wp\/v2\/comments?post=116380"}],"version-history":[{"count":0,"href":"https:\/\/linitiative.ca\/International\/wp-json\/wp\/v2\/posts\/116380\/revisions"}],"wp:attachment":[{"href":"https:\/\/linitiative.ca\/International\/wp-json\/wp\/v2\/media?parent=116380"}],"wp:term":[{"taxonomy":"category","embeddable":true,"href":"https:\/\/linitiative.ca\/International\/wp-json\/wp\/v2\/categories?post=116380"},{"taxonomy":"post_tag","embeddable":true,"href":"https:\/\/linitiative.ca\/International\/wp-json\/wp\/v2\/tags?post=116380"}],"curies":[{"name":"wp","href":"https:\/\/api.w.org\/{rel}","templated":true}]}}