{"id":116382,"date":"2021-05-08T11:44:24","date_gmt":"2021-05-08T15:44:24","guid":{"rendered":"https:\/\/linitiative.ca\/International\/%ef%bb%bfle-pam-le-pi-et-le-pps-reclament-une-bonne-preparation-des-echeances-electorales\/"},"modified":"2021-05-08T11:44:24","modified_gmt":"2021-05-08T15:44:24","slug":"%ef%bb%bfle-pam-le-pi-et-le-pps-reclament-une-bonne-preparation-des-echeances-electorales","status":"publish","type":"post","link":"https:\/\/linitiative.ca\/International\/%ef%bb%bfle-pam-le-pi-et-le-pps-reclament-une-bonne-preparation-des-echeances-electorales\/","title":{"rendered":"\ufeffLe PAM, le PI et le PPS r\u00e9clament \u00abune bonne pr\u00e9paration des \u00e9ch\u00e9ances \u00e9lectorales\u00bb"},"content":{"rendered":"<p class=\"has-text-color has-vivid-cyan-blue-color c1\"><strong>El Otmani rencontre les leaders de l\u2019Opposition<\/strong><\/p>\n<p><strong>Le chef du gouvernement a tenu \u00e0 leur demande, mercredi, une r\u00e9union de concertation avec les secr\u00e9taires g\u00e9n\u00e9raux des partis de l\u2019opposition (le Parti du progr\u00e8s et du socialisme, le Parti de l\u2019Istiqlal et le Parti de l\u2019Authenticit\u00e9 et de la Modernit\u00e9). Au menu, deux grands points li\u00e9s la pr\u00e9paration des prochaines \u00e9lections et au\u00a0 d\u00e9veloppement de la situation sanitaire.<\/strong><\/p>\n<p>Selon certaines sources, El Otmani aurait plus \u00e9cout\u00e9 ses interlocuteurs leur promettant, \u00e0 la fin de la r\u00e9union, d\u2019apporter des r\u00e9ponses \u00e0 leurs interrogations et exigences.<\/p>\n<p>Les chefs de l\u2019Opposition ont rappel\u00e9 au responsable de l\u2019Ex\u00e9cutif les m\u00eames remarques formul\u00e9es il y a quelques mois, au sujet de la situation politique, marqu\u00e9e par un manque cruel de confiance g\u00e9n\u00e9rale, de plus en plus important,\u00a0 et ses liens avec les \u00e9ch\u00e9ances \u00e9lectorales et l\u2019indispensable r\u00e9conciliation des citoyens avec la politique et les rendez-vous \u00e9lectoraux, de plus en plus boud\u00e9s par les Marocains, notamment les plus jeunes.<\/p>\n<p>Dans une d\u00e9claration \u00e0 la MAP, le secr\u00e9taire g\u00e9n\u00e9ral du PPS a donn\u00e9, en gros, le contenu de cette r\u00e9union. Il a ainsi pr\u00e9cis\u00e9 que cette r\u00e9union a eu lieu \u00ab\u00a0sur une demande des trois partis, \u00e0 laquelle une suite rapide a \u00e9t\u00e9 donn\u00e9e\u00a0\u00bb.<\/p>\n<p>S\u2019agissant du menu, il a d\u00e9clar\u00e9 qu\u2019il s\u2019est \u00ab\u00a0concentr\u00e9 sur les conditions g\u00e9n\u00e9rales r\u00e9sultant de la pand\u00e9mie et la pr\u00e9paration des \u00e9lections, ainsi que sur le r\u00f4le des m\u00e9dias publics dans l\u2019accompagnement de cette \u00e9tape\u00a0\u00bb.<\/p>\n<p><em>S\u2019agissant de la pand\u00e9mie, l\u2019accent a \u00e9t\u00e9 mis sur \u00ab\u00a0 ses incidences sur la sant\u00e9 des citoyens et \u00e0 ses impacts socio-\u00e9conomiques et politiques\u00bb.<\/em><\/p>\n<p>La discussion s\u2019est pench\u00e9e, \u00e9galement, sur les mesures prises par le gouvernement et les efforts destin\u00e9s \u00e0 faire face aux effets de cette pand\u00e9mie.<\/p>\n<p>La r\u00e9union a \u00e9t\u00e9, ajoute Benabdallah \u00e0 la MAP, l\u2019occasion pour chacun des trois partis de l\u2019Opposition pour pr\u00e9senter sa vision et ses vues sur la situation actuelle.<\/p>\n<p>Le second point \u00e0 l\u2019ordre du jour a abord\u00e9 \u00ab\u00a0tous les aspects li\u00e9s \u00e0 une bonne pr\u00e9paration des prochaines \u00e9ch\u00e9ances \u00e9lectorales\u00a0\u00bb, notamment certaines \u00ab\u00a0dispositions n\u00e9cessitant des pr\u00e9cisions, comme c\u2019est le cas du mode \u00e9lectoral, le jour du scrutin et l\u2019agenda des diff\u00e9rentes \u00e9ch\u00e9ances \u00e9lectorales dont les dates ne sont pas encore annonc\u00e9es\u00bb.<\/p>\n<p>En ce qui concerne le troisi\u00e8me point, le SG du PPS a pr\u00e9cis\u00e9 que la r\u00e9union a abord\u00e9, \u00e9galement, le r\u00f4le des m\u00e9dias publics dans le suivi de cette \u00e9tape politique et \u00e9lectorale, soulignant que \u00ab\u00a0les supports m\u00e9diatiques, qu\u2019ils soient audiovisuels ou autres, accompagnaient normalement le processus \u00e9lectoral \u00e0 travers des programmes de passages, au niveau de la t\u00e9l\u00e9vision publique, en accordant des temps d\u2019antenne et des quotas, r\u00e9partis entre les diff\u00e9rents partis politiques, et ce bien des mois avant le d\u00e9but des processus \u00e9lectoraux\u00a0\u00bb.<\/p>\n<p>Et Benabdallah de faire l\u2019amer constat\u00a0: \u00ab\u00a0la situation est telle qu\u2019il y a aujourd\u2019hui une absence de toute initiative \u00e0 ce niveau. D\u2019o\u00f9 l\u2019absence du d\u00e9bat politique dans la sc\u00e8ne politique et publique, devenue vide en rapport avec les programmes, les visions et les propositions port\u00e9es par les diff\u00e9rents partis politiques\u00a0\u00bb.<\/p>\n<p>Nabil Benabdallah a relev\u00e9 que la r\u00e9union a constitu\u00e9 une occasion, pour les trois partis de l\u2019opposition, de souligner \u00ab\u00a0la n\u00e9cessit\u00e9 d\u2019\u00e9viter d\u2019utiliser les moyens de l\u2019Etat pour influencer les \u00e9lecteurs\u00a0\u00bb.<\/p>\n<p>En d\u2019autres termes, ils ont insist\u00e9 sur les mesures \u00e0 prendre pour emp\u00eacher l\u2019exploitation de pr\u00e9tendues \u00ab\u00a0\u0153uvres caritatives\u00a0\u00bb \u00e0 des fins politiques et \u00e9lectorales, notamment par un parti de la majorit\u00e9 gouvernementale qui a d\u00e9j\u00e0 commenc\u00e9 \u00e0 mener campagne, avant terme.<\/p>\n<p>Auteur: M&rsquo;hammed rahal<br \/>\n<a href=\"http:\/\/albayane.press.ma\/%EF%BB%BFle-pam-le-pi-et-le-pps-reclament-une-bonne-preparation-des-echeances-electorales.html\">Cliquez ici pour lire l&rsquo;article depuis sa source.<\/a><\/p>\n","protected":false},"excerpt":{"rendered":"<p>El Otmani rencontre les leaders de l\u2019Opposition Le chef du gouvernement a tenu \u00e0 leur demande, mercredi, une r\u00e9union de concertation avec les secr\u00e9taires g\u00e9n\u00e9raux des partis de l\u2019opposition (le Parti du progr\u00e8s et du socialisme, le Parti de l\u2019Istiqlal et le Parti de l\u2019Authenticit\u00e9 et de la Modernit\u00e9). Au menu, deux grands points li\u00e9s [&hellip;]<\/p>\n","protected":false},"author":1760,"featured_media":0,"comment_status":"closed","ping_status":"closed","sticky":false,"template":"","format":"standard","meta":{"fifu_image_url":"","fifu_image_alt":"","footnotes":""},"categories":[73,54],"tags":[],"class_list":["post-116382","post","type-post","status-publish","format-standard","hentry","category-actualite","category-maroc"],"_links":{"self":[{"href":"https:\/\/linitiative.ca\/International\/wp-json\/wp\/v2\/posts\/116382","targetHints":{"allow":["GET"]}}],"collection":[{"href":"https:\/\/linitiative.ca\/International\/wp-json\/wp\/v2\/posts"}],"about":[{"href":"https:\/\/linitiative.ca\/International\/wp-json\/wp\/v2\/types\/post"}],"author":[{"embeddable":true,"href":"https:\/\/linitiative.ca\/International\/wp-json\/wp\/v2\/users\/1760"}],"replies":[{"embeddable":true,"href":"https:\/\/linitiative.ca\/International\/wp-json\/wp\/v2\/comments?post=116382"}],"version-history":[{"count":0,"href":"https:\/\/linitiative.ca\/International\/wp-json\/wp\/v2\/posts\/116382\/revisions"}],"wp:attachment":[{"href":"https:\/\/linitiative.ca\/International\/wp-json\/wp\/v2\/media?parent=116382"}],"wp:term":[{"taxonomy":"category","embeddable":true,"href":"https:\/\/linitiative.ca\/International\/wp-json\/wp\/v2\/categories?post=116382"},{"taxonomy":"post_tag","embeddable":true,"href":"https:\/\/linitiative.ca\/International\/wp-json\/wp\/v2\/tags?post=116382"}],"curies":[{"name":"wp","href":"https:\/\/api.w.org\/{rel}","templated":true}]}}