{"id":116383,"date":"2021-05-08T11:44:26","date_gmt":"2021-05-08T15:44:26","guid":{"rendered":"https:\/\/linitiative.ca\/International\/%ef%bb%bfle-maroc-et-lonu-celebrent-larganier-a-agadir\/"},"modified":"2021-05-08T11:44:26","modified_gmt":"2021-05-08T15:44:26","slug":"%ef%bb%bfle-maroc-et-lonu-celebrent-larganier-a-agadir","status":"publish","type":"post","link":"https:\/\/linitiative.ca\/International\/%ef%bb%bfle-maroc-et-lonu-celebrent-larganier-a-agadir\/","title":{"rendered":"\ufeffLe Maroc et l\u2019ONU c\u00e9l\u00e8brent l\u2019Arganier \u00e0 Agadir"},"content":{"rendered":"<p class=\"has-text-color has-vivid-green-cyan-color c1\"><strong>Premi\u00e8re Journ\u00e9e Internationale<\/strong><\/p>\n<ul class=\"wp-block-gallery columns-2 is-cropped\">\n<li class=\"blocks-gallery-item\">\n<figure><img decoding=\"async\" loading=\"lazy\" width=\"508\" height=\"300\" src=\"http:\/\/albayane.press.ma\/wp-content\/uploads\/ouv3-37.jpg\" alt=\"\" data-id=\"112050\" data-link=\"http:\/\/albayane.press.ma\/?attachment_id=112050#main\" class=\"wp-image-112050\"\/><\/figure>\n<\/li>\n<li class=\"blocks-gallery-item\">\n<figure><img decoding=\"async\" loading=\"lazy\" width=\"508\" height=\"300\" src=\"http:\/\/albayane.press.ma\/wp-content\/uploads\/ouv-212.jpg\" alt=\"\" data-id=\"112051\" data-link=\"http:\/\/albayane.press.ma\/?attachment_id=112051#main\" class=\"wp-image-112051\"\/><\/figure>\n<\/li>\n<\/ul>\n<p><strong>Le Maroc et l\u2019Organisation des Nations Unies f\u00eateront lundi prochain \u00e0 Agadir, la premi\u00e8re Journ\u00e9e Internationale de l\u2019Arganier.<\/strong><\/p>\n<p>A cette occasion, un \u00e9v\u00e8nement de haut niveau sera organis\u00e9 sous la pr\u00e9sidence du ministre de l\u2019agriculture, de la p\u00eache maritimes, du d\u00e9veloppement rural, des eaux et des for\u00eats, Aziz Akhannouch, indique un communiqu\u00e9 de l\u2019Agence nationale pour le d\u00e9veloppement des zones oasiennes et de l\u2019arganier (Andzoa).<\/p>\n<p>Organis\u00e9 en format hybride, cet \u00e9v\u00e9nement sera suivi \u00e0 travers le monde, en live sur la web TV des Nations Unies, ainsi que sur YouTube et sur les r\u00e9seaux sociaux.<\/p>\n<p>Il rassemblera des intervenants de haut rang dont Omar Hilale, ambassadeur Repr\u00e9sentant permanent du Maroc aupr\u00e8s de l\u2019ONU, VolkanBozk\u0131r, Pr\u00e9sident de l\u2019Assembl\u00e9e g\u00e9n\u00e9rale des Nations Unies, Amina J. Mohammed, Vice-Secr\u00e9taire G\u00e9n\u00e9rale de l\u2019ONU et pr\u00e9sidente du groupe des Nations Unies pour le D\u00e9veloppement Durable, Audrey Azoulay, Directrice G\u00e9n\u00e9rale de l\u2019UNESCO, Tedros Ghebreyesus, Directeur G\u00e9n\u00e9ral de l\u2019OMS, Anita Bathia, Directrice Ex\u00e9cutive Adjointe de l\u2019ONU-Femmes, Maria Henela Semedo, Directrice G\u00e9n\u00e9rale Adjointe de la FAO, et Yannick Glemarec, Directeur Ex\u00e9cutif du Fonds Vert pour le Climat.<\/p>\n<p>\u00ab\u00a0Cette c\u00e9l\u00e9bration vient couronner les efforts du Royaume du Maroc dans la promotion de l\u2019Arganier en tant que patrimoine culturel immat\u00e9riel de l\u2019humanit\u00e9 et source ancestrale du d\u00e9veloppement r\u00e9silient et durable\u00a0\u00bb, note la m\u00eame source, rappelant que la proclamation de cette journ\u00e9e internationale fait suite \u00e0 l\u2019adoption d\u2019une r\u00e9solution, pr\u00e9sent\u00e9e par le Maroc, \u00e0 l\u2019Assembl\u00e9e G\u00e9n\u00e9rale des Nations Unies \u00e0 New York le 3 mars 2021.<\/p>\n<p>Une r\u00e9solution adopt\u00e9e par consensus de tous les Etats membres et par laquelle le Maroc a mobilis\u00e9 la communaut\u00e9 internationale autour de cette cause de la sauvegarde et du d\u00e9veloppement de l\u2019Arganier.<\/p>\n<p>\u00ab\u00a0La proclamation par l\u2019ONU de la journ\u00e9e internationale de l\u2019arganier est ainsi une reconnaissance \u00e0 l\u2019\u00e9chelle internationale des efforts du Royaume, sous les Hautes Orientations de SM le Roi Mohammed VI dans la protection et la valorisation de l\u2019arganier, notamment gr\u00e2ce au lancement d\u2019un programme global de d\u00e9veloppement de l\u2019arganiculture sur une superficie de 10.000 ha au Maroc\u00a0\u00bb, ajoute le communiqu\u00e9.<\/p>\n<p>Cette r\u00e9solution onusienne reconna\u00eet la contribution colossale du secteur de l\u2019arganier dans la mise en \u0153uvre des 17 objectifs de l\u2019agenda 2030 et la r\u00e9alisation du d\u00e9veloppement durable dans ses trois dimensions: \u00e9conomique, sociale et environnementale. Elle met \u00e9galement en exergue le r\u00f4le de ce secteur dans l\u2019autonomisation et l\u2019\u00e9mancipation de la femme rurale, le renforcement de l\u2019\u00e9conomie solidaire, l\u2019\u00e9radication de la pauvret\u00e9 et le d\u00e9veloppement humain \u00e0 travers le soutien et la promotion du r\u00f4le des coop\u00e9ratives et autres formes d\u2019organisation agricoles actives dans le secteur de l\u2019arganier.<\/p>\n<p>\u00ab\u00a0Prot\u00e9ger ce patrimoine culturel est au c\u0153ur des missions entreprises par le Royaume du Maroc et la c\u00e9l\u00e9bration de la Journ\u00e9e Internationale de l\u2019Arganier vient renforcer ces efforts. Cette Journ\u00e9e est une invitation \u00e0 apprendre, partager et c\u00e9l\u00e9brer cet arbre mythique, et un moyen de faire de sa culture un levier de d\u00e9veloppement socio-\u00e9conomique durable \u00ab\u00a0, se f\u00e9licite M.Omar Hilale, cit\u00e9 dans le communiqu\u00e9.<\/p>\n<p>Auteur: M&rsquo;hammed rahal<br \/>\n<a href=\"http:\/\/albayane.press.ma\/%EF%BB%BFle-maroc-et-lonu-celebrent-larganier-a-agadir.html\">Cliquez ici pour lire l&rsquo;article depuis sa source.<\/a><\/p>\n","protected":false},"excerpt":{"rendered":"<p>Premi\u00e8re Journ\u00e9e Internationale Le Maroc et l\u2019Organisation des Nations Unies f\u00eateront lundi prochain \u00e0 Agadir, la premi\u00e8re Journ\u00e9e Internationale de l\u2019Arganier. A cette occasion, un \u00e9v\u00e8nement de haut niveau sera organis\u00e9 sous la pr\u00e9sidence du ministre de l\u2019agriculture, de la p\u00eache maritimes, du d\u00e9veloppement rural, des eaux et des for\u00eats, Aziz Akhannouch, indique un communiqu\u00e9 [&hellip;]<\/p>\n","protected":false},"author":1760,"featured_media":0,"comment_status":"closed","ping_status":"closed","sticky":false,"template":"","format":"standard","meta":{"fifu_image_url":"http:\/\/albayane.press.ma\/wp-content\/uploads\/ouv3-37.jpg","fifu_image_alt":"\ufeffLe Maroc et l\u2019ONU c\u00e9l\u00e8brent l\u2019Arganier \u00e0 Agadir","footnotes":""},"categories":[73,54],"tags":[],"class_list":["post-116383","post","type-post","status-publish","format-standard","hentry","category-actualite","category-maroc"],"_links":{"self":[{"href":"https:\/\/linitiative.ca\/International\/wp-json\/wp\/v2\/posts\/116383","targetHints":{"allow":["GET"]}}],"collection":[{"href":"https:\/\/linitiative.ca\/International\/wp-json\/wp\/v2\/posts"}],"about":[{"href":"https:\/\/linitiative.ca\/International\/wp-json\/wp\/v2\/types\/post"}],"author":[{"embeddable":true,"href":"https:\/\/linitiative.ca\/International\/wp-json\/wp\/v2\/users\/1760"}],"replies":[{"embeddable":true,"href":"https:\/\/linitiative.ca\/International\/wp-json\/wp\/v2\/comments?post=116383"}],"version-history":[{"count":0,"href":"https:\/\/linitiative.ca\/International\/wp-json\/wp\/v2\/posts\/116383\/revisions"}],"wp:attachment":[{"href":"https:\/\/linitiative.ca\/International\/wp-json\/wp\/v2\/media?parent=116383"}],"wp:term":[{"taxonomy":"category","embeddable":true,"href":"https:\/\/linitiative.ca\/International\/wp-json\/wp\/v2\/categories?post=116383"},{"taxonomy":"post_tag","embeddable":true,"href":"https:\/\/linitiative.ca\/International\/wp-json\/wp\/v2\/tags?post=116383"}],"curies":[{"name":"wp","href":"https:\/\/api.w.org\/{rel}","templated":true}]}}