{"id":116387,"date":"2021-05-08T10:00:00","date_gmt":"2021-05-08T14:00:00","guid":{"rendered":"https:\/\/linitiative.ca\/International\/videonouveau-rassemblement-de-soutien-a-rabah-kareche-a-yakourene\/"},"modified":"2021-05-08T10:00:00","modified_gmt":"2021-05-08T14:00:00","slug":"videonouveau-rassemblement-de-soutien-a-rabah-kareche-a-yakourene","status":"publish","type":"post","link":"https:\/\/linitiative.ca\/International\/videonouveau-rassemblement-de-soutien-a-rabah-kareche-a-yakourene\/","title":{"rendered":"[Vid\u00e9o]Nouveau rassemblement de soutien \u00e0 Rabah Kar\u00e8che \u00e0 Yakour\u00e8ne"},"content":{"rendered":"<div id=\"originalText\" readability=\"107\">\n<p class=\"c6\">Les habitants de la r\u00e9gion de Yakour\u00e8ne, et plus particuli\u00e8rement du village Ait Bouhini ne d\u00e9col\u00e8rent toujours pas deux semaines apr\u00e8s la mise sous mandat de d\u00e9p\u00f4t du journaliste de libert\u00e9, Rabah Kar\u00e8che, un enfant de la r\u00e9gion estim\u00e9 de tous.<\/p>\n<p class=\"c6\">En effet, hier encore, dans la soir\u00e9e, des centaines d\u2019habitants de la r\u00e9gion, avec la pr\u00e9sence de la famille Kar\u00e8che, ont observ\u00e9 un rassemblement de soutien \u00e0 ce journaliste emprisonn\u00e9 pour ses \u00e9crits \u00e0 Tamanrasset o\u00f9 il exerce depuis plusieurs ann\u00e9es.<\/p>\n<p class=\"c6\">Une imposante foule s\u2019est rassembl\u00e9e \u00e0 21h30 sur la placette du village Ait Bouhini o\u00f9 elle a commenc\u00e9 \u00e0 scander \u00ab Lib\u00e9rez Rabah Kar\u00e8che \u00bb, \u00ab lib\u00e9rez les d\u00e9tenus \u00bb, et \u00ab Sahafa Houra d\u00e9mocratia \u00bb, (Pour une presse et libre et d\u00e9mocratique), tout en brandissant des portraits du journaliste sur lesquels on pouvait lire : \u00ab Une conscience \u00e9clair\u00e9e, une plume \u00e9clairante au service du peuple \u00bb et encore \u00ab lib\u00e9rez Kar\u00e8che, lib\u00e9rez la presse, lib\u00e9rez l\u2019Alg\u00e9rie. Le journalisme n\u2019est pas un crime \u00bb.<\/p>\n<p class=\"c6\">Au cours d\u2019une prise de parole improvis\u00e9e sur place, les intervenants n\u2019ont eu de cesse d\u2019appeler, tour \u00e0 tour, \u00e0 lib\u00e9rer le journaliste et \u00e0 condamner les pratiques du pouvoir qui, soutiennent-ils, continue d\u2019emprisonner des militants pour leurs opinions et, pis encore, des journalistes juste pour avoir dit la v\u00e9rit\u00e9 et ce en violation des lois qui, th\u00e9oriquement, ont banni le d\u00e9lit de presse.<\/p>\n<p class=\"c6\">\u00ab Rabah Kar\u00e8che est un enfant de notre village et nous sommes tr\u00e8s fiers de lui. Il est emprisonn\u00e9 \u00e0 deux mille kilom\u00e8tres de chez lui mais pour nous, il est clair qu\u2019il a \u00e9t\u00e9 victime de l\u2019arbitraire et rien ne pourra nous convaincre du contraire car nous savons que c\u2019est un homme juste, un journaliste int\u00e8gre et qui aime son pays.<\/p>\n<p><iframe loading=\"lazy\" allow=\"accelerometer; autoplay; clipboard-write; encrypted-media; gyroscope; picture-in-picture\" allowfullscreen=\"allowfullscreen\" frameborder=\"0\" height=\"315\" src=\"https:\/\/www.youtube.com\/embed\/ZGmb9qe6fcY\" title=\"YouTube video player\" width=\"560\">[embedded content]<\/iframe><\/p>\n<p class=\"c6\">Nous remercions tous ceux qui se mobilisent pour lui apporter leur soutien, qui se solidarisent avec sa famille et d\u00e9noncent son emprisonnement \u00bb a d\u00e9clar\u00e9 d\u2019embl\u00e9e un des membres du comit\u00e9 de soutien au journaliste. Pour le pr\u00e9sident du comit\u00e9 de village d\u2019Ait Bouhini, Mohand Mouri, \u00ab Rabah Kar\u00e8che est emprisonn\u00e9 parce qu\u2019il s\u2019attaque \u00e0 des sujets qui d\u00e9rangent bien des int\u00e9r\u00eats, de gros int\u00e9r\u00eats.<\/p>\n<p class=\"c6\">Rabah paye aujourd\u2019hui de sa libert\u00e9 ce que peut payer tout journaliste qui exerce sa fonction avec s\u00e9rieux et professionnalisme, et tout journaliste qui porte la voix des sans voix que le pouvoir veut continuer \u00e0 \u00e9touffer tout en usant de l\u2019intimidation, du harc\u00e8lement judiciaire et de l\u2019emprisonnement m\u00eame en violation de la constitution. Sauf que Rabah est d\u2019un courage et d\u2019un professionnalisme qui l\u2019emp\u00eache de reculer devant ces pratiques \u00bb a-t-il d\u00e9clar\u00e9 avant que la foule ne r\u00e9pondre en scandant \u00ab lib\u00e9rez Kar\u00e8che \u00bb.<\/p>\n<p class=\"c6\">\u00ab Aujourd\u2019hui, le combat de la presse ne doit plus \u00eatre l\u2019apanage des seuls journalistes mais de toute la soci\u00e9t\u00e9. Si pour les journalistes il s\u2019agit de leur droit d\u2019informer, pour nous, citoyens que nous sommes, il s\u2019agit de d\u00e9fendre notre droit d\u2019\u00eatre inform\u00e9, de notre droit \u00e0 la v\u00e9rit\u00e9 \u00bb a ajout\u00e9 Mohand Mouri avant de c\u00e9der la parole aux membres de la famille Kar\u00e8che et aux journalistes pr\u00e9sents sur les lieux.<\/p>\n<p class=\"c6\">\u00a0<\/p>\n<p class=\"c7\"><strong>Samir LESLOUS pour R\u00e9daction Web<\/strong><\/p>\n<\/div>\n<div id=\"text_core\" readability=\"107\">\n<p class=\"c6\">Les habitants de la r\u00e9gion de Yakour\u00e8ne, et plus particuli\u00e8rement du village Ait Bouhini ne d\u00e9col\u00e8rent toujours pas deux semaines apr\u00e8s la mise sous mandat de d\u00e9p\u00f4t du journaliste de libert\u00e9, Rabah Kar\u00e8che, un enfant de la r\u00e9gion estim\u00e9 de tous.<\/p>\n<p class=\"c6\">En effet, hier encore, dans la soir\u00e9e, des centaines d\u2019habitants de la r\u00e9gion, avec la pr\u00e9sence de la famille Kar\u00e8che, ont observ\u00e9 un rassemblement de soutien \u00e0 ce journaliste emprisonn\u00e9 pour ses \u00e9crits \u00e0 Tamanrasset o\u00f9 il exerce depuis plusieurs ann\u00e9es.<\/p>\n<p class=\"c6\">Une imposante foule s\u2019est rassembl\u00e9e \u00e0 21h30 sur la placette du village Ait Bouhini o\u00f9 elle a commenc\u00e9 \u00e0 scander \u00ab Lib\u00e9rez Rabah Kar\u00e8che \u00bb, \u00ab lib\u00e9rez les d\u00e9tenus \u00bb, et \u00ab Sahafa Houra d\u00e9mocratia \u00bb, (Pour une presse et libre et d\u00e9mocratique), tout en brandissant des portraits du journaliste sur lesquels on pouvait lire : \u00ab Une conscience \u00e9clair\u00e9e, une plume \u00e9clairante au service du peuple \u00bb et encore \u00ab lib\u00e9rez Kar\u00e8che, lib\u00e9rez la presse, lib\u00e9rez l\u2019Alg\u00e9rie. Le journalisme n\u2019est pas un crime \u00bb.<\/p>\n<p class=\"c6\">Au cours d\u2019une prise de parole improvis\u00e9e sur place, les intervenants n\u2019ont eu de cesse d\u2019appeler, tour \u00e0 tour, \u00e0 lib\u00e9rer le journaliste et \u00e0 condamner les pratiques du pouvoir qui, soutiennent-ils, continue d\u2019emprisonner des militants pour leurs opinions et, pis encore, des journalistes juste pour avoir dit la v\u00e9rit\u00e9 et ce en violation des lois qui, th\u00e9oriquement, ont banni le d\u00e9lit de presse.<\/p>\n<p class=\"c6\">\u00ab Rabah Kar\u00e8che est un enfant de notre village et nous sommes tr\u00e8s fiers de lui. Il est emprisonn\u00e9 \u00e0 deux mille kilom\u00e8tres de chez lui mais pour nous, il est clair qu\u2019il a \u00e9t\u00e9 victime de l\u2019arbitraire et rien ne pourra nous convaincre du contraire car nous savons que c\u2019est un homme juste, un journaliste int\u00e8gre et qui aime son pays.<\/p>\n<p><iframe loading=\"lazy\" allow=\"accelerometer; autoplay; clipboard-write; encrypted-media; gyroscope; picture-in-picture\" allowfullscreen=\"allowfullscreen\" frameborder=\"0\" height=\"315\" src=\"https:\/\/www.youtube.com\/embed\/ZGmb9qe6fcY\" title=\"YouTube video player\" width=\"560\">[embedded content]<\/iframe><\/p>\n<p class=\"c6\">Nous remercions tous ceux qui se mobilisent pour lui apporter leur soutien, qui se solidarisent avec sa famille et d\u00e9noncent son emprisonnement \u00bb a d\u00e9clar\u00e9 d\u2019embl\u00e9e un des membres du comit\u00e9 de soutien au journaliste. Pour le pr\u00e9sident du comit\u00e9 de village d\u2019Ait Bouhini, Mohand Mouri, \u00ab Rabah Kar\u00e8che est emprisonn\u00e9 parce qu\u2019il s\u2019attaque \u00e0 des sujets qui d\u00e9rangent bien des int\u00e9r\u00eats, de gros int\u00e9r\u00eats.<\/p>\n<p class=\"c6\">Rabah paye aujourd\u2019hui de sa libert\u00e9 ce que peut payer tout journaliste qui exerce sa fonction avec s\u00e9rieux et professionnalisme, et tout journaliste qui porte la voix des sans voix que le pouvoir veut continuer \u00e0 \u00e9touffer tout en usant de l\u2019intimidation, du harc\u00e8lement judiciaire et de l\u2019emprisonnement m\u00eame en violation de la constitution. Sauf que Rabah est d\u2019un courage et d\u2019un professionnalisme qui l\u2019emp\u00eache de reculer devant ces pratiques \u00bb a-t-il d\u00e9clar\u00e9 avant que la foule ne r\u00e9pondre en scandant \u00ab lib\u00e9rez Kar\u00e8che \u00bb.<\/p>\n<p class=\"c6\">\u00ab Aujourd\u2019hui, le combat de la presse ne doit plus \u00eatre l\u2019apanage des seuls journalistes mais de toute la soci\u00e9t\u00e9. Si pour les journalistes il s\u2019agit de leur droit d\u2019informer, pour nous, citoyens que nous sommes, il s\u2019agit de d\u00e9fendre notre droit d\u2019\u00eatre inform\u00e9, de notre droit \u00e0 la v\u00e9rit\u00e9 \u00bb a ajout\u00e9 Mohand Mouri avant de c\u00e9der la parole aux membres de la famille Kar\u00e8che et aux journalistes pr\u00e9sents sur les lieux.<\/p>\n<p class=\"c6\">\u00a0<\/p>\n<p class=\"c7\"><strong>Samir LESLOUS pour R\u00e9daction Web<\/strong><\/p>\n<\/div>\n<p>Auteur:<br \/>\n<a href=\"https:\/\/www.liberte-algerie.com\/actualite\/video-nouveau-rassemblement-de-soutien-a-rabah-kareche-a-yakourene-358437\">Cliquez ici pour lire l&rsquo;article depuis sa source.<\/a><\/p>\n","protected":false},"excerpt":{"rendered":"<p>Les habitants de la r\u00e9gion de Yakour\u00e8ne, et plus particuli\u00e8rement du village Ait Bouhini ne d\u00e9col\u00e8rent toujours pas deux semaines apr\u00e8s la mise sous mandat de d\u00e9p\u00f4t du journaliste de libert\u00e9, Rabah Kar\u00e8che, un enfant de la r\u00e9gion estim\u00e9 de tous. En effet, hier encore, dans la soir\u00e9e, des centaines d\u2019habitants de la r\u00e9gion, avec [&hellip;]<\/p>\n","protected":false},"author":1742,"featured_media":0,"comment_status":"closed","ping_status":"closed","sticky":false,"template":"","format":"standard","meta":{"fifu_image_url":"","fifu_image_alt":"","footnotes":""},"categories":[73,53],"tags":[],"class_list":["post-116387","post","type-post","status-publish","format-standard","hentry","category-actualite","category-algerie"],"_links":{"self":[{"href":"https:\/\/linitiative.ca\/International\/wp-json\/wp\/v2\/posts\/116387","targetHints":{"allow":["GET"]}}],"collection":[{"href":"https:\/\/linitiative.ca\/International\/wp-json\/wp\/v2\/posts"}],"about":[{"href":"https:\/\/linitiative.ca\/International\/wp-json\/wp\/v2\/types\/post"}],"author":[{"embeddable":true,"href":"https:\/\/linitiative.ca\/International\/wp-json\/wp\/v2\/users\/1742"}],"replies":[{"embeddable":true,"href":"https:\/\/linitiative.ca\/International\/wp-json\/wp\/v2\/comments?post=116387"}],"version-history":[{"count":0,"href":"https:\/\/linitiative.ca\/International\/wp-json\/wp\/v2\/posts\/116387\/revisions"}],"wp:attachment":[{"href":"https:\/\/linitiative.ca\/International\/wp-json\/wp\/v2\/media?parent=116387"}],"wp:term":[{"taxonomy":"category","embeddable":true,"href":"https:\/\/linitiative.ca\/International\/wp-json\/wp\/v2\/categories?post=116387"},{"taxonomy":"post_tag","embeddable":true,"href":"https:\/\/linitiative.ca\/International\/wp-json\/wp\/v2\/tags?post=116387"}],"curies":[{"name":"wp","href":"https:\/\/api.w.org\/{rel}","templated":true}]}}