{"id":116388,"date":"2021-05-08T10:00:00","date_gmt":"2021-05-08T14:00:00","guid":{"rendered":"https:\/\/linitiative.ca\/International\/decouverte-du-cadavre-dune-personne-a-oued-mitar-a-boussaada\/"},"modified":"2021-05-08T10:00:00","modified_gmt":"2021-05-08T14:00:00","slug":"decouverte-du-cadavre-dune-personne-a-oued-mitar-a-boussaada","status":"publish","type":"post","link":"https:\/\/linitiative.ca\/International\/decouverte-du-cadavre-dune-personne-a-oued-mitar-a-boussaada\/","title":{"rendered":"D\u00e9couverte du cadavre d&rsquo;une personne \u00e0 Oued Mitar \u00e0 Boussa\u00e2da"},"content":{"rendered":"<div id=\"originalText\" readability=\"48\">\n<p class=\"c6\">Le cadavre d&rsquo;une personne non identifi\u00e9e dans l&rsquo;imm\u00e9diat a \u00e9t\u00e9 d\u00e9couvert samedi dans le lit de l&rsquo;oued Mitar de Boussa\u00e2da (M&rsquo;sila) par les \u00e9l\u00e9ments de la Protection civile, qui recherchent depuis jeudi des personnes port\u00e9es disparues suite aux crues de ce cours d&rsquo;eau, ont rapport\u00e9 les services de la Protection civile (PC).<\/p>\n<p class=\"c6\">Il pourrait s&rsquo;agir d&rsquo;un jeune homme qui se trouvait avec deux victimes sorties d&rsquo;une voiture retrouv\u00e9e dans ce m\u00eame cours, a-t-on indiqu\u00e9. Une voiture vide a \u00e9t\u00e9 \u00e9galement retrouv\u00e9e vendredi et pourrait appartenir \u00e0 un avocat port\u00e9 disparu, a-t-on ajout\u00e9.<\/p>\n<p class=\"c6\">Les crues enregistr\u00e9es jeudi dans la wilaya avaient caus\u00e9 la mort de quatre personnes, alors que deux autres sont port\u00e9es disparues, selon la Protection civile.<\/p>\n<p class=\"c6\">\u00a0<\/p>\n<p class=\"c7\"><strong>APS<\/strong><\/p>\n<\/div>\n<div id=\"text_core\" readability=\"48\">\n<p class=\"c6\">Le cadavre d&rsquo;une personne non identifi\u00e9e dans l&rsquo;imm\u00e9diat a \u00e9t\u00e9 d\u00e9couvert samedi dans le lit de l&rsquo;oued Mitar de Boussa\u00e2da (M&rsquo;sila) par les \u00e9l\u00e9ments de la Protection civile, qui recherchent depuis jeudi des personnes port\u00e9es disparues suite aux crues de ce cours d&rsquo;eau, ont rapport\u00e9 les services de la Protection civile (PC).<\/p>\n<p class=\"c6\">Il pourrait s&rsquo;agir d&rsquo;un jeune homme qui se trouvait avec deux victimes sorties d&rsquo;une voiture retrouv\u00e9e dans ce m\u00eame cours, a-t-on indiqu\u00e9. Une voiture vide a \u00e9t\u00e9 \u00e9galement retrouv\u00e9e vendredi et pourrait appartenir \u00e0 un avocat port\u00e9 disparu, a-t-on ajout\u00e9.<\/p>\n<p class=\"c6\">Les crues enregistr\u00e9es jeudi dans la wilaya avaient caus\u00e9 la mort de quatre personnes, alors que deux autres sont port\u00e9es disparues, selon la Protection civile.<\/p>\n<p class=\"c6\">\u00a0<\/p>\n<p class=\"c7\"><strong>APS<\/strong><\/p>\n<\/div>\n<p>Auteur:<br \/>\n<a href=\"https:\/\/www.liberte-algerie.com\/actualite\/decouverte-du-cadavre-dune-personne-a-oued-mitar-a-boussaada-358436\">Cliquez ici pour lire l&rsquo;article depuis sa source.<\/a><\/p>\n","protected":false},"excerpt":{"rendered":"<p>Le cadavre d&rsquo;une personne non identifi\u00e9e dans l&rsquo;imm\u00e9diat a \u00e9t\u00e9 d\u00e9couvert samedi dans le lit de l&rsquo;oued Mitar de Boussa\u00e2da (M&rsquo;sila) par les \u00e9l\u00e9ments de la Protection civile, qui recherchent depuis jeudi des personnes port\u00e9es disparues suite aux crues de ce cours d&rsquo;eau, ont rapport\u00e9 les services de la Protection civile (PC). Il pourrait s&rsquo;agir [&hellip;]<\/p>\n","protected":false},"author":1742,"featured_media":0,"comment_status":"closed","ping_status":"closed","sticky":false,"template":"","format":"standard","meta":{"fifu_image_url":"","fifu_image_alt":"","footnotes":""},"categories":[73,53],"tags":[],"class_list":["post-116388","post","type-post","status-publish","format-standard","hentry","category-actualite","category-algerie"],"_links":{"self":[{"href":"https:\/\/linitiative.ca\/International\/wp-json\/wp\/v2\/posts\/116388","targetHints":{"allow":["GET"]}}],"collection":[{"href":"https:\/\/linitiative.ca\/International\/wp-json\/wp\/v2\/posts"}],"about":[{"href":"https:\/\/linitiative.ca\/International\/wp-json\/wp\/v2\/types\/post"}],"author":[{"embeddable":true,"href":"https:\/\/linitiative.ca\/International\/wp-json\/wp\/v2\/users\/1742"}],"replies":[{"embeddable":true,"href":"https:\/\/linitiative.ca\/International\/wp-json\/wp\/v2\/comments?post=116388"}],"version-history":[{"count":0,"href":"https:\/\/linitiative.ca\/International\/wp-json\/wp\/v2\/posts\/116388\/revisions"}],"wp:attachment":[{"href":"https:\/\/linitiative.ca\/International\/wp-json\/wp\/v2\/media?parent=116388"}],"wp:term":[{"taxonomy":"category","embeddable":true,"href":"https:\/\/linitiative.ca\/International\/wp-json\/wp\/v2\/categories?post=116388"},{"taxonomy":"post_tag","embeddable":true,"href":"https:\/\/linitiative.ca\/International\/wp-json\/wp\/v2\/tags?post=116388"}],"curies":[{"name":"wp","href":"https:\/\/api.w.org\/{rel}","templated":true}]}}