{"id":116392,"date":"2021-05-08T11:13:47","date_gmt":"2021-05-08T15:13:47","guid":{"rendered":"https:\/\/linitiative.ca\/International\/la-vaccination-elargie-aux-personnes-agees-entre-50-et-55-ans\/"},"modified":"2021-05-08T11:13:47","modified_gmt":"2021-05-08T15:13:47","slug":"la-vaccination-elargie-aux-personnes-agees-entre-50-et-55-ans","status":"publish","type":"post","link":"https:\/\/linitiative.ca\/International\/la-vaccination-elargie-aux-personnes-agees-entre-50-et-55-ans\/","title":{"rendered":"La vaccination \u00e9largie aux personnes \u00e2g\u00e9es entre 50 et 55 ans"},"content":{"rendered":"<div class=\"single-featured\"><img alt=\"\" data-src=\"http:\/\/www.mapoujda.ma\/map\/uploads\/2021\/02\/Campagne-de-vaccination-contre-la-Covid-19-750\u00d7430-MAP.jpg\"\/><\/div>\n<div class=\"entry-content clearfix single-post-content\" readability=\"54\">\n<p class=\"c4\">Le minist\u00e8re de la Sant\u00e9 a annonc\u00e9 que, dans le cadre de la campagne nationale de vaccination contre le nouveau coronavirus, l\u2019op\u00e9ration de vaccination a \u00e9t\u00e9 \u00e9largie pour englober les citoyens \u00e2g\u00e9s entre 50 et 55 ans.<\/p>\n<p class=\"c4\">Le minist\u00e8re a appel\u00e9, samedi dans un communiqu\u00e9, l\u2019ensemble des citoyennes et citoyens des cat\u00e9gories cibl\u00e9es, \u00e0 poursuivre l\u2019adh\u00e9sion \u00e0 ce chantier national d\u2019envergure, afin de r\u00e9aliser l\u2019immunit\u00e9 collective et ce en envoyant un SMS au num\u00e9ro gratuit 1717 ou en consultant le portail www.liqahcorona.ma pour obtenir leur rendez-vous et leur lieu de vaccination.<\/p>\n<p class=\"c4\">Le minist\u00e8re de la Sant\u00e9 a de m\u00eame insist\u00e9 sur la n\u00e9cessit\u00e9 de continuer \u00e0 respecter les mesures pr\u00e9ventives et ce, avant, pendant et apr\u00e8s l\u2019op\u00e9ration de vaccination contre le virus, afin de contribuer aux efforts visant \u00e0 circonscrire sa propagation, particuli\u00e8rement apr\u00e8s la d\u00e9couverte de nouveaux variants au Maroc.<\/p>\n<\/div>\n<p>Auteur: Soufiane ELAHMAR<br \/>\n<a href=\"http:\/\/www.mapoujda.ma\/fr\/la-vaccination-elargie-aux-personnes-agees-entre-50-et-55-ans\/\">Cliquez ici pour lire l&rsquo;article depuis sa source.<\/a><\/p>\n","protected":false},"excerpt":{"rendered":"<p>Le minist\u00e8re de la Sant\u00e9 a annonc\u00e9 que, dans le cadre de la campagne nationale de vaccination contre le nouveau coronavirus, l\u2019op\u00e9ration de vaccination a \u00e9t\u00e9 \u00e9largie pour englober les citoyens \u00e2g\u00e9s entre 50 et 55 ans. Le minist\u00e8re a appel\u00e9, samedi dans un communiqu\u00e9, l\u2019ensemble des citoyennes et citoyens des cat\u00e9gories cibl\u00e9es, \u00e0 poursuivre [&hellip;]<\/p>\n","protected":false},"author":1788,"featured_media":0,"comment_status":"closed","ping_status":"closed","sticky":false,"template":"","format":"standard","meta":{"fifu_image_url":"http:\/\/www.mapoujda.ma\/map\/uploads\/2021\/02\/Campagne-de-vaccination-contre-la-Covid-19-750\u00d7430-MAP.jpg","fifu_image_alt":"La vaccination \u00e9largie aux personnes \u00e2g\u00e9es entre 50 et 55 ans","footnotes":""},"categories":[54,76],"tags":[],"class_list":["post-116392","post","type-post","status-publish","format-standard","hentry","category-maroc","category-regions"],"_links":{"self":[{"href":"https:\/\/linitiative.ca\/International\/wp-json\/wp\/v2\/posts\/116392","targetHints":{"allow":["GET"]}}],"collection":[{"href":"https:\/\/linitiative.ca\/International\/wp-json\/wp\/v2\/posts"}],"about":[{"href":"https:\/\/linitiative.ca\/International\/wp-json\/wp\/v2\/types\/post"}],"author":[{"embeddable":true,"href":"https:\/\/linitiative.ca\/International\/wp-json\/wp\/v2\/users\/1788"}],"replies":[{"embeddable":true,"href":"https:\/\/linitiative.ca\/International\/wp-json\/wp\/v2\/comments?post=116392"}],"version-history":[{"count":0,"href":"https:\/\/linitiative.ca\/International\/wp-json\/wp\/v2\/posts\/116392\/revisions"}],"wp:attachment":[{"href":"https:\/\/linitiative.ca\/International\/wp-json\/wp\/v2\/media?parent=116392"}],"wp:term":[{"taxonomy":"category","embeddable":true,"href":"https:\/\/linitiative.ca\/International\/wp-json\/wp\/v2\/categories?post=116392"},{"taxonomy":"post_tag","embeddable":true,"href":"https:\/\/linitiative.ca\/International\/wp-json\/wp\/v2\/tags?post=116392"}],"curies":[{"name":"wp","href":"https:\/\/api.w.org\/{rel}","templated":true}]}}