{"id":116394,"date":"2021-05-08T15:14:07","date_gmt":"2021-05-08T19:14:07","guid":{"rendered":"https:\/\/linitiative.ca\/International\/international-claudio-ranieri-fier-davoir-entraine-mahrez-et-kante\/"},"modified":"2021-05-08T15:14:07","modified_gmt":"2021-05-08T19:14:07","slug":"international-claudio-ranieri-fier-davoir-entraine-mahrez-et-kante","status":"publish","type":"post","link":"https:\/\/linitiative.ca\/International\/international-claudio-ranieri-fier-davoir-entraine-mahrez-et-kante\/","title":{"rendered":"International : Claudio Ranieri : \u00ab\u00a0Fier d&rsquo;avoir entrain\u00e9 Mahrez et Kant\u00e9\u00a0\u00bb"},"content":{"rendered":"<div readability=\"32\">\n<p>Auteur : <span class=\"time\">samedi 08 mai 2021 11:18<\/span><\/p>\n<\/div>\n<div id=\"post_core\" readability=\"52\">\n<p>Les deux anciens de Leicester ont montr\u00e9 qu&rsquo;ils \u00e9taient indispensables pour leurs clubs respectifs et sauf p\u00e9pin physique, devraient \u00eatre align\u00e9s d&rsquo;entr\u00e9e lors de la finale de Ligue des Champions le 29 mai prochain entre Manchester City et Chelsea. Claudio Ranieri, leur ancien entraineur \u00e0 Leicester, a exprim\u00e9 son opinion au sujet de ces deux joueurs :<\/p>\n<p>\u00ab\u00a0Je suis fier de les avoir entrain\u00e9s. J&rsquo;avais eu l&rsquo;occasion de voir des matchs de Leicester avant mon arriv\u00e9e. Mahrez a toujours jou\u00e9 derri\u00e8re les attaquants, mais il ne m&rsquo;avait pas convaincu \u00e0 ce poste. Je l&rsquo;ai mis \u00e0 droite. Il est devenu notre principal meneur de jeu mais dans une position diff\u00e9rente. J&rsquo;ai modifi\u00e9 son positionnement pour qu&rsquo;il puisse r\u00e9cup\u00e9rer des ballons et aller vers l&rsquo;avant, comme il le fait aujourd&rsquo;hui \u00e0 Manchester City.\u00a0\u00bb<\/p>\n<p>\u00ab\u00a0Kant\u00e9 m&rsquo;a \u00e9t\u00e9 propos\u00e9 comme une alternative \u00e0 un autre joueur. Je l&rsquo;ai choisi et pour lui, j&rsquo;ai opt\u00e9 pour un positionnement au milieu de terrain. En gros, nous avons toujours jou\u00e9 avec douze joueurs, pas onze. Il avait une aisance impressionnante pour courir et faire les d\u00e9doublements\u00a0\u00bb.<\/p>\n<p><strong>Publi\u00e9 dans :<\/strong> <span>Mahrez<\/span><\/p>\n<\/div>\n<p>Auteur:<br \/>\n<a href=\"http:\/\/www.lebuteur.com\/article\/detail?titre=claudio-ranieri-fier-davoir-entraine-mahrez-et-kante&#038;id=99988&#038;utm_source=feedburner&#038;utm_medium=feed&#038;utm_campaign=Feed%3A+GalerieFArtciles+%28Les+derniers+articles++-+lebuteur.com%29\">Cliquez ici pour lire l&rsquo;article depuis sa source.<\/a><\/p>\n","protected":false},"excerpt":{"rendered":"<p>Auteur : samedi 08 mai 2021 11:18 Les deux anciens de Leicester ont montr\u00e9 qu&rsquo;ils \u00e9taient indispensables pour leurs clubs respectifs et sauf p\u00e9pin physique, devraient \u00eatre align\u00e9s d&rsquo;entr\u00e9e lors de la finale de Ligue des Champions le 29 mai prochain entre Manchester City et Chelsea. Claudio Ranieri, leur ancien entraineur \u00e0 Leicester, a exprim\u00e9 [&hellip;]<\/p>\n","protected":false},"author":1738,"featured_media":0,"comment_status":"closed","ping_status":"closed","sticky":false,"template":"","format":"standard","meta":{"fifu_image_url":"\/\/cdn.lebuteur.com\/data\/images\/article\/thumbs\/large-ranieri-fier-davoir-entraine-mahrez-et-kante-9bd73.jpg","fifu_image_alt":"International : Claudio Ranieri : \"Fier d'avoir entrain\u00e9 Mahrez et Kant\u00e9\"","footnotes":""},"categories":[53,75],"tags":[],"class_list":["post-116394","post","type-post","status-publish","format-standard","hentry","category-algerie","category-sport"],"_links":{"self":[{"href":"https:\/\/linitiative.ca\/International\/wp-json\/wp\/v2\/posts\/116394","targetHints":{"allow":["GET"]}}],"collection":[{"href":"https:\/\/linitiative.ca\/International\/wp-json\/wp\/v2\/posts"}],"about":[{"href":"https:\/\/linitiative.ca\/International\/wp-json\/wp\/v2\/types\/post"}],"author":[{"embeddable":true,"href":"https:\/\/linitiative.ca\/International\/wp-json\/wp\/v2\/users\/1738"}],"replies":[{"embeddable":true,"href":"https:\/\/linitiative.ca\/International\/wp-json\/wp\/v2\/comments?post=116394"}],"version-history":[{"count":0,"href":"https:\/\/linitiative.ca\/International\/wp-json\/wp\/v2\/posts\/116394\/revisions"}],"wp:attachment":[{"href":"https:\/\/linitiative.ca\/International\/wp-json\/wp\/v2\/media?parent=116394"}],"wp:term":[{"taxonomy":"category","embeddable":true,"href":"https:\/\/linitiative.ca\/International\/wp-json\/wp\/v2\/categories?post=116394"},{"taxonomy":"post_tag","embeddable":true,"href":"https:\/\/linitiative.ca\/International\/wp-json\/wp\/v2\/tags?post=116394"}],"curies":[{"name":"wp","href":"https:\/\/api.w.org\/{rel}","templated":true}]}}