{"id":116396,"date":"2021-05-08T15:14:11","date_gmt":"2021-05-08T19:14:11","guid":{"rendered":"https:\/\/linitiative.ca\/International\/international-chelsea-les-blues-activent-deux-grosses-pistes-offensives\/"},"modified":"2021-05-08T15:14:11","modified_gmt":"2021-05-08T19:14:11","slug":"international-chelsea-les-blues-activent-deux-grosses-pistes-offensives","status":"publish","type":"post","link":"https:\/\/linitiative.ca\/International\/international-chelsea-les-blues-activent-deux-grosses-pistes-offensives\/","title":{"rendered":"International : Chelsea : Les Blues activent deux grosses pistes offensives"},"content":{"rendered":"<div readability=\"32\">\n<p>Auteur : <span class=\"time\">samedi 08 mai 2021 15:00<\/span><\/p>\n<\/div>\n<div id=\"post_core\" readability=\"48\">\n<p>Si les noms d\u2019Erling Haaland\u00a0et Romelu Lukaku\u00a0circulent beaucoup, les Blues auraient activ\u00e9 deux nouvelles pistes pour cet \u00e9t\u00e9. Selon\u00a0ESPN et Les-Transferts, il y aurait d\u2019abord Mohamed Salah. Le joueur de 28 ans dispose d\u2019un contrat jusqu\u2019en juin 2023 avec Liverpool. Egalement dans le viseur du Real Madrid et du Paris Saint-Germain, l\u2019international \u00e9gyptien serait estim\u00e9 \u00e0 110 millions d\u2019euros. C\u00f4t\u00e9 terrain, le natif de Basyoun a inscrit 20 buts en 32 rencontres de Premier League.<\/p>\n<p>La seconde piste nous emm\u00e8ne du c\u00f4t\u00e9 de l\u2019Allemagne. D\u2019apr\u00e8s\u00a0Bild et Les-Transferts, le nom de Robert Lewandowski serait \u00e0 l\u2019\u00e9tude. Sous contrat jusqu\u2019en 2023 avec le Bayern Munich, l\u2019international polonais pourrait disposer d\u2019un bon de sortie. Un prix de d\u00e9part de 60 millions d\u2019euros aurait m\u00eame \u00e9t\u00e9 fix\u00e9 pour le meilleur buteur de la Bundesliga.<\/p>\n<p><strong>Publi\u00e9 dans :<\/strong> <span>chelsea<\/span> <span>salah<\/span> <span>Lewandowski<\/span><\/p>\n<\/div>\n<p>Auteur:<br \/>\n<a href=\"http:\/\/www.lebuteur.com\/article\/detail?titre=chelsea-les-blues-activent-deux-grosses-pistes-offensives&#038;id=99990&#038;utm_source=feedburner&#038;utm_medium=feed&#038;utm_campaign=Feed%3A+GalerieFArtciles+%28Les+derniers+articles++-+lebuteur.com%29\">Cliquez ici pour lire l&rsquo;article depuis sa source.<\/a><\/p>\n","protected":false},"excerpt":{"rendered":"<p>Auteur : samedi 08 mai 2021 15:00 Si les noms d\u2019Erling Haaland\u00a0et Romelu Lukaku\u00a0circulent beaucoup, les Blues auraient activ\u00e9 deux nouvelles pistes pour cet \u00e9t\u00e9. Selon\u00a0ESPN et Les-Transferts, il y aurait d\u2019abord Mohamed Salah. Le joueur de 28 ans dispose d\u2019un contrat jusqu\u2019en juin 2023 avec Liverpool. Egalement dans le viseur du Real Madrid et [&hellip;]<\/p>\n","protected":false},"author":1738,"featured_media":0,"comment_status":"closed","ping_status":"closed","sticky":false,"template":"","format":"standard","meta":{"fifu_image_url":"\/\/cdn.lebuteur.com\/data\/images\/article\/thumbs\/large-chelsea-les-blues-activent-deux-grosses-pistes-offensives-01045.jpg","fifu_image_alt":"International : Chelsea : Les Blues activent deux grosses pistes offensives","footnotes":""},"categories":[53,75],"tags":[],"class_list":["post-116396","post","type-post","status-publish","format-standard","hentry","category-algerie","category-sport"],"_links":{"self":[{"href":"https:\/\/linitiative.ca\/International\/wp-json\/wp\/v2\/posts\/116396","targetHints":{"allow":["GET"]}}],"collection":[{"href":"https:\/\/linitiative.ca\/International\/wp-json\/wp\/v2\/posts"}],"about":[{"href":"https:\/\/linitiative.ca\/International\/wp-json\/wp\/v2\/types\/post"}],"author":[{"embeddable":true,"href":"https:\/\/linitiative.ca\/International\/wp-json\/wp\/v2\/users\/1738"}],"replies":[{"embeddable":true,"href":"https:\/\/linitiative.ca\/International\/wp-json\/wp\/v2\/comments?post=116396"}],"version-history":[{"count":0,"href":"https:\/\/linitiative.ca\/International\/wp-json\/wp\/v2\/posts\/116396\/revisions"}],"wp:attachment":[{"href":"https:\/\/linitiative.ca\/International\/wp-json\/wp\/v2\/media?parent=116396"}],"wp:term":[{"taxonomy":"category","embeddable":true,"href":"https:\/\/linitiative.ca\/International\/wp-json\/wp\/v2\/categories?post=116396"},{"taxonomy":"post_tag","embeddable":true,"href":"https:\/\/linitiative.ca\/International\/wp-json\/wp\/v2\/tags?post=116396"}],"curies":[{"name":"wp","href":"https:\/\/api.w.org\/{rel}","templated":true}]}}