{"id":116397,"date":"2021-05-08T15:14:13","date_gmt":"2021-05-08T19:14:13","guid":{"rendered":"https:\/\/linitiative.ca\/International\/pros-kaka-ce-que-fait-bennacer-au-milieu-de-terrain-est-tres-special\/"},"modified":"2021-05-08T15:14:13","modified_gmt":"2021-05-08T19:14:13","slug":"pros-kaka-ce-que-fait-bennacer-au-milieu-de-terrain-est-tres-special","status":"publish","type":"post","link":"https:\/\/linitiative.ca\/International\/pros-kaka-ce-que-fait-bennacer-au-milieu-de-terrain-est-tres-special\/","title":{"rendered":"Pros : Kaka \u00ab Ce que fait Bennacer au milieu de terrain est tr\u00e8s sp\u00e9cial\u00bb"},"content":{"rendered":"<div readability=\"32\">\n<p>Auteur : <span>Moumen A.<\/span> <span class=\"time\">samedi 08 mai 2021 16:24<\/span><\/p>\n<\/div>\n<div id=\"post_core\" readability=\"48\">\n<p>\u00a0L\u2019ancienne l\u00e9gende du Milan AC et de l&rsquo;\u00e9quipe nationale br\u00e9silienne Ricardo Kaka, n\u2019a pas tari d\u2019\u00e9loges sur les performances de l\u2019Alg\u00e9rien Ismael Bennacer depuis son arriv\u00e9 en Lombardie. L\u2019ex Galactique du Real Madrid, a\u00a0 mis en avant le r\u00f4le important jou\u00e9 par\u00a0 Bennacer avec \u00ab\u00a0les Rossoneri\u00a0\u00bb. Kaka\u00a0 consid\u00e9r\u00e9 l\u2019ancien joueur d\u2019Arsenal comme l&rsquo;une des forces les plus importantes du Milan cette saison.<\/p>\n<p><strong>\u00ab\u00a0C\u2019est un joueur cl\u00e9, sa blessure\u00a0 a beaucoup frein\u00e9 le Milan\u00a0AC\u00a0\u00bb<\/strong><\/p>\n<p>Le\u00a0 Ballon d&rsquo;Or 2007 Ricardo Kaka an dans des d\u00e9clarations rapport\u00e9es\u00a0 par la presse italienne, affirm\u00e9 que\u00a0 sans la blessure de l\u2019Alg\u00e9rien Ismael Bennacer les r\u00e9sultats du Milan AC auraient \u00e9t\u00e9 bien meilleurs\u00a0 \u00ab\u00a0Bennacer est un joueur tr\u00e8s important \u00e0 Milan.\u00a0 Je pense que les nombreuses blessures qu&rsquo;il a subies ont eu un impact n\u00e9gatif sur l&rsquo;\u00e9quipe et ses r\u00e9sultats. Ce que fait Ismail est tr\u00e8s sp\u00e9cial au niveau du milieu de terrain\u00a0\u00bb Pour rappel Bennacer est rest\u00e9 presque 3 mois sans jouer et cela n\u2019a pas \u00e9t\u00e9 sans freine le Milan AC qui a perdu sa premi\u00e8re place au d\u00e9triment de son voisin de l\u2019Inter de Milan.<\/p>\n<p><strong>Moumen A.<\/strong><\/p>\n<p><strong>Publi\u00e9 dans :<\/strong> <span>djamel belmadi<\/span> <span>Ismael Bennacer<\/span><\/p>\n<\/div>\n<p>Auteur:<br \/>\n<a href=\"http:\/\/www.lebuteur.com\/article\/detail?titre=kaka-ce-que-fait-bennacer-au-milieu-de-terrain-est-tres-special&#038;id=99991&#038;utm_source=feedburner&#038;utm_medium=feed&#038;utm_campaign=Feed%3A+GalerieFArtciles+%28Les+derniers+articles++-+lebuteur.com%29\">Cliquez ici pour lire l&rsquo;article depuis sa source.<\/a><\/p>\n","protected":false},"excerpt":{"rendered":"<p>Auteur : Moumen A. samedi 08 mai 2021 16:24 \u00a0L\u2019ancienne l\u00e9gende du Milan AC et de l&rsquo;\u00e9quipe nationale br\u00e9silienne Ricardo Kaka, n\u2019a pas tari d\u2019\u00e9loges sur les performances de l\u2019Alg\u00e9rien Ismael Bennacer depuis son arriv\u00e9 en Lombardie. L\u2019ex Galactique du Real Madrid, a\u00a0 mis en avant le r\u00f4le important jou\u00e9 par\u00a0 Bennacer avec \u00ab\u00a0les Rossoneri\u00a0\u00bb. [&hellip;]<\/p>\n","protected":false},"author":1738,"featured_media":0,"comment_status":"closed","ping_status":"closed","sticky":false,"template":"","format":"standard","meta":{"fifu_image_url":"\/\/cdn.lebuteur.com\/data\/images\/article\/thumbs\/large-kaka-ce-que-fait-bennacer-au-milieu-de-terrain-est-tres-special-b07df.jpg","fifu_image_alt":"Pros : Kaka \u00ab Ce que fait Bennacer au milieu de terrain est tr\u00e8s sp\u00e9cial\u00bb","footnotes":""},"categories":[53,75],"tags":[],"class_list":["post-116397","post","type-post","status-publish","format-standard","hentry","category-algerie","category-sport"],"_links":{"self":[{"href":"https:\/\/linitiative.ca\/International\/wp-json\/wp\/v2\/posts\/116397","targetHints":{"allow":["GET"]}}],"collection":[{"href":"https:\/\/linitiative.ca\/International\/wp-json\/wp\/v2\/posts"}],"about":[{"href":"https:\/\/linitiative.ca\/International\/wp-json\/wp\/v2\/types\/post"}],"author":[{"embeddable":true,"href":"https:\/\/linitiative.ca\/International\/wp-json\/wp\/v2\/users\/1738"}],"replies":[{"embeddable":true,"href":"https:\/\/linitiative.ca\/International\/wp-json\/wp\/v2\/comments?post=116397"}],"version-history":[{"count":0,"href":"https:\/\/linitiative.ca\/International\/wp-json\/wp\/v2\/posts\/116397\/revisions"}],"wp:attachment":[{"href":"https:\/\/linitiative.ca\/International\/wp-json\/wp\/v2\/media?parent=116397"}],"wp:term":[{"taxonomy":"category","embeddable":true,"href":"https:\/\/linitiative.ca\/International\/wp-json\/wp\/v2\/categories?post=116397"},{"taxonomy":"post_tag","embeddable":true,"href":"https:\/\/linitiative.ca\/International\/wp-json\/wp\/v2\/tags?post=116397"}],"curies":[{"name":"wp","href":"https:\/\/api.w.org\/{rel}","templated":true}]}}