{"id":116398,"date":"2021-05-08T15:14:15","date_gmt":"2021-05-08T19:14:15","guid":{"rendered":"https:\/\/linitiative.ca\/International\/pros-bundesliga-bensebaini-et-mgladbach-prennent-cher-face-au-bayern-munich\/"},"modified":"2021-05-08T15:14:15","modified_gmt":"2021-05-08T19:14:15","slug":"pros-bundesliga-bensebaini-et-mgladbach-prennent-cher-face-au-bayern-munich","status":"publish","type":"post","link":"https:\/\/linitiative.ca\/International\/pros-bundesliga-bensebaini-et-mgladbach-prennent-cher-face-au-bayern-munich\/","title":{"rendered":"Pros : Bundesliga : Bensebaini et M&rsquo;Gladbach prennent cher face au Bayern Munich"},"content":{"rendered":"<div readability=\"32\">\n<p>Auteur : <span class=\"time\">samedi 08 mai 2021 19:24<\/span><\/p>\n<\/div>\n<div id=\"post_core\" readability=\"43\">\n<p>Titr\u00e9 avant m\u00eame le coup d\u2019envoi de son match gr\u00e2ce \u00e0 la victoire de Dortmund face \u00e0 Leipzig plus t\u00f4t ce samedi (3-2), le Bayern Munich en a profit\u00e9 pour f\u00eater sa neuvi\u00e8me couronne cons\u00e9cutive comme il se doit. Les Bavarois ont \u00e9trill\u00e9 6-0 les joueurs du Borussia M\u00f6nchengladbach comme l&rsquo;indique Sport24. L\u2019in\u00e9vitable Robert Lewandowski a inscrit un tripl\u00e9 (2e, 34e, 65e). Le Polonais porte son total \u00e0 39 buts en championnat en ayant rat\u00e9 un mois de comp\u00e9tition et en n\u2019ayant donc disput\u00e9 que 27 rencontres. Thomas M\u00fcller (23e), Kingsley Coman (44e) et Leroy San\u00e9 (85e) ont \u00e9galement inscrit leur nom au tableau d\u2019affichage. Tanguy Kouassi, l\u2019ancien Parisien, a lui pris un carton rouge \u00e0 la 75e minute alors qu\u2019il \u00e9tait rentr\u00e9 cinq minutes plus t\u00f4t.\u00a0\u00a0<\/p>\n<p><strong>Publi\u00e9 dans :<\/strong> <span>Bayern Munich<\/span><\/p>\n<\/div>\n<p>Auteur:<br \/>\n<a href=\"http:\/\/www.lebuteur.com\/article\/detail?titre=bundesliga-bensebaini-et-mgladbach-prennent-cher-face-au-bayern-munich&#038;id=99992&#038;utm_source=feedburner&#038;utm_medium=feed&#038;utm_campaign=Feed%3A+GalerieFArtciles+%28Les+derniers+articles++-+lebuteur.com%29\">Cliquez ici pour lire l&rsquo;article depuis sa source.<\/a><\/p>\n","protected":false},"excerpt":{"rendered":"<p>Auteur : samedi 08 mai 2021 19:24 Titr\u00e9 avant m\u00eame le coup d\u2019envoi de son match gr\u00e2ce \u00e0 la victoire de Dortmund face \u00e0 Leipzig plus t\u00f4t ce samedi (3-2), le Bayern Munich en a profit\u00e9 pour f\u00eater sa neuvi\u00e8me couronne cons\u00e9cutive comme il se doit. Les Bavarois ont \u00e9trill\u00e9 6-0 les joueurs du Borussia [&hellip;]<\/p>\n","protected":false},"author":1738,"featured_media":0,"comment_status":"closed","ping_status":"closed","sticky":false,"template":"","format":"standard","meta":{"fifu_image_url":"\/\/cdn.lebuteur.com\/data\/images\/article\/thumbs\/large-bundesliga-bensebaini-et-mgladbach-prennent-cher-face-au-bayern-munich-58d22.jpg","fifu_image_alt":"Pros : Bundesliga : Bensebaini et M'Gladbach prennent cher face au Bayern Munich","footnotes":""},"categories":[53,75],"tags":[],"class_list":["post-116398","post","type-post","status-publish","format-standard","hentry","category-algerie","category-sport"],"_links":{"self":[{"href":"https:\/\/linitiative.ca\/International\/wp-json\/wp\/v2\/posts\/116398","targetHints":{"allow":["GET"]}}],"collection":[{"href":"https:\/\/linitiative.ca\/International\/wp-json\/wp\/v2\/posts"}],"about":[{"href":"https:\/\/linitiative.ca\/International\/wp-json\/wp\/v2\/types\/post"}],"author":[{"embeddable":true,"href":"https:\/\/linitiative.ca\/International\/wp-json\/wp\/v2\/users\/1738"}],"replies":[{"embeddable":true,"href":"https:\/\/linitiative.ca\/International\/wp-json\/wp\/v2\/comments?post=116398"}],"version-history":[{"count":0,"href":"https:\/\/linitiative.ca\/International\/wp-json\/wp\/v2\/posts\/116398\/revisions"}],"wp:attachment":[{"href":"https:\/\/linitiative.ca\/International\/wp-json\/wp\/v2\/media?parent=116398"}],"wp:term":[{"taxonomy":"category","embeddable":true,"href":"https:\/\/linitiative.ca\/International\/wp-json\/wp\/v2\/categories?post=116398"},{"taxonomy":"post_tag","embeddable":true,"href":"https:\/\/linitiative.ca\/International\/wp-json\/wp\/v2\/tags?post=116398"}],"curies":[{"name":"wp","href":"https:\/\/api.w.org\/{rel}","templated":true}]}}