{"id":116401,"date":"2021-05-08T06:00:00","date_gmt":"2021-05-08T10:00:00","guid":{"rendered":"https:\/\/linitiative.ca\/International\/un-nouveau-recteur-pour-tizi\/"},"modified":"2021-05-08T06:00:00","modified_gmt":"2021-05-08T10:00:00","slug":"un-nouveau-recteur-pour-tizi","status":"publish","type":"post","link":"https:\/\/linitiative.ca\/International\/un-nouveau-recteur-pour-tizi\/","title":{"rendered":"Un nouveau recteur pour Tizi"},"content":{"rendered":"<p>Le recteur de l\u2019Universit\u00e9 Mouloud-Mammeri de Tizi-Ouzou a \u00e9t\u00e9 relev\u00e9 des ses fonctions, apprenons-nous de bonne source. Pour son remplacement, on parle de l\u2019actuel recteur de l\u2019Universit\u00e9 de B\u00e9ja\u00efa, ajoute encore notre source. Il faut dire que ce changement \u00e9tait pr\u00e9visible en raison des probl\u00e8mes r\u00e9currents que vit cet important p\u00f4le universitaire depuis quelques semaines.<\/p>\n<p>Auteur:<br \/>\n<a href=\"https:\/\/www.lesoirdalgerie.com\/periscoop\/un-nouveau-recteur-pour-tizi-60777\">Cliquez ici pour lire l&rsquo;article depuis sa source.<\/a><\/p>\n","protected":false},"excerpt":{"rendered":"<p>Le recteur de l\u2019Universit\u00e9 Mouloud-Mammeri de Tizi-Ouzou a \u00e9t\u00e9 relev\u00e9 des ses fonctions, apprenons-nous de bonne source. Pour son remplacement, on parle de l\u2019actuel recteur de l\u2019Universit\u00e9 de B\u00e9ja\u00efa, ajoute encore notre source. Il faut dire que ce changement \u00e9tait pr\u00e9visible en raison des probl\u00e8mes r\u00e9currents que vit cet important p\u00f4le universitaire depuis quelques semaines. [&hellip;]<\/p>\n","protected":false},"author":1741,"featured_media":0,"comment_status":"closed","ping_status":"closed","sticky":false,"template":"","format":"standard","meta":{"fifu_image_url":"","fifu_image_alt":"","footnotes":""},"categories":[73,53],"tags":[],"class_list":["post-116401","post","type-post","status-publish","format-standard","hentry","category-actualite","category-algerie"],"_links":{"self":[{"href":"https:\/\/linitiative.ca\/International\/wp-json\/wp\/v2\/posts\/116401","targetHints":{"allow":["GET"]}}],"collection":[{"href":"https:\/\/linitiative.ca\/International\/wp-json\/wp\/v2\/posts"}],"about":[{"href":"https:\/\/linitiative.ca\/International\/wp-json\/wp\/v2\/types\/post"}],"author":[{"embeddable":true,"href":"https:\/\/linitiative.ca\/International\/wp-json\/wp\/v2\/users\/1741"}],"replies":[{"embeddable":true,"href":"https:\/\/linitiative.ca\/International\/wp-json\/wp\/v2\/comments?post=116401"}],"version-history":[{"count":0,"href":"https:\/\/linitiative.ca\/International\/wp-json\/wp\/v2\/posts\/116401\/revisions"}],"wp:attachment":[{"href":"https:\/\/linitiative.ca\/International\/wp-json\/wp\/v2\/media?parent=116401"}],"wp:term":[{"taxonomy":"category","embeddable":true,"href":"https:\/\/linitiative.ca\/International\/wp-json\/wp\/v2\/categories?post=116401"},{"taxonomy":"post_tag","embeddable":true,"href":"https:\/\/linitiative.ca\/International\/wp-json\/wp\/v2\/tags?post=116401"}],"curies":[{"name":"wp","href":"https:\/\/api.w.org\/{rel}","templated":true}]}}