{"id":116402,"date":"2021-05-08T06:00:00","date_gmt":"2021-05-08T10:00:00","guid":{"rendered":"https:\/\/linitiative.ca\/International\/transfert\/"},"modified":"2021-05-08T06:00:00","modified_gmt":"2021-05-08T10:00:00","slug":"transfert","status":"publish","type":"post","link":"https:\/\/linitiative.ca\/International\/transfert\/","title":{"rendered":"Transfert"},"content":{"rendered":"<p>Le Centre national de recherche en arch\u00e9ologie sera transf\u00e9r\u00e9 dans la wilaya de Tipasa, o\u00f9 il sera dot\u00e9 d\u2019un nouveau si\u00e8ge. C\u2019est ce que vient de d\u00e9cider le Premier ministre Abdelaziz Djerad suite \u00e0 une proposition dans ce sens de la ministre de la Culture, Malika Bendouda. Un transfert du reste qui va permettre au centre une meilleure efficacit\u00e9, Tipasa \u00e9tant elle-m\u00eame un vaste site arch\u00e9ologique.\u00a0<\/p>\n<p>Auteur:<br \/>\n<a href=\"https:\/\/www.lesoirdalgerie.com\/periscoop\/transfert-60776\">Cliquez ici pour lire l&rsquo;article depuis sa source.<\/a><\/p>\n","protected":false},"excerpt":{"rendered":"<p>Le Centre national de recherche en arch\u00e9ologie sera transf\u00e9r\u00e9 dans la wilaya de Tipasa, o\u00f9 il sera dot\u00e9 d\u2019un nouveau si\u00e8ge. C\u2019est ce que vient de d\u00e9cider le Premier ministre Abdelaziz Djerad suite \u00e0 une proposition dans ce sens de la ministre de la Culture, Malika Bendouda. Un transfert du reste qui va permettre au [&hellip;]<\/p>\n","protected":false},"author":1741,"featured_media":0,"comment_status":"closed","ping_status":"closed","sticky":false,"template":"","format":"standard","meta":{"fifu_image_url":"","fifu_image_alt":"","footnotes":""},"categories":[73,53],"tags":[],"class_list":["post-116402","post","type-post","status-publish","format-standard","hentry","category-actualite","category-algerie"],"_links":{"self":[{"href":"https:\/\/linitiative.ca\/International\/wp-json\/wp\/v2\/posts\/116402","targetHints":{"allow":["GET"]}}],"collection":[{"href":"https:\/\/linitiative.ca\/International\/wp-json\/wp\/v2\/posts"}],"about":[{"href":"https:\/\/linitiative.ca\/International\/wp-json\/wp\/v2\/types\/post"}],"author":[{"embeddable":true,"href":"https:\/\/linitiative.ca\/International\/wp-json\/wp\/v2\/users\/1741"}],"replies":[{"embeddable":true,"href":"https:\/\/linitiative.ca\/International\/wp-json\/wp\/v2\/comments?post=116402"}],"version-history":[{"count":0,"href":"https:\/\/linitiative.ca\/International\/wp-json\/wp\/v2\/posts\/116402\/revisions"}],"wp:attachment":[{"href":"https:\/\/linitiative.ca\/International\/wp-json\/wp\/v2\/media?parent=116402"}],"wp:term":[{"taxonomy":"category","embeddable":true,"href":"https:\/\/linitiative.ca\/International\/wp-json\/wp\/v2\/categories?post=116402"},{"taxonomy":"post_tag","embeddable":true,"href":"https:\/\/linitiative.ca\/International\/wp-json\/wp\/v2\/tags?post=116402"}],"curies":[{"name":"wp","href":"https:\/\/api.w.org\/{rel}","templated":true}]}}