{"id":116403,"date":"2021-05-08T06:00:00","date_gmt":"2021-05-08T10:00:00","guid":{"rendered":"https:\/\/linitiative.ca\/International\/budget-supplementaire\/"},"modified":"2021-05-08T06:00:00","modified_gmt":"2021-05-08T10:00:00","slug":"budget-supplementaire","status":"publish","type":"post","link":"https:\/\/linitiative.ca\/International\/budget-supplementaire\/","title":{"rendered":"Budget suppl\u00e9mentaire"},"content":{"rendered":"<p class=\"c3\">Les \u00e9tablissements publics de sant\u00e9 viennent de recevoir\u00a0 le premier budget suppl\u00e9mentaire de l&rsquo;exercice 2021. Le minist\u00e8re de la Sant\u00e9, \u00e0 travers sa direction des finances et des moyens, a instruit les responsables des structures publiques afin que l&rsquo;enveloppe d\u00e9gag\u00e9e serve au r\u00e8glement de la troisi\u00e8me tranche de la prime Covid-19, au paiement des dettes cumul\u00e9es aupr\u00e8s des op\u00e9rateurs \u00e9conomiques, mais \u00e9galement celles enregistr\u00e9es aupr\u00e8s de l&rsquo;Institut Pasteur d&rsquo;Alg\u00e9rie au titre de l\u2019exercice 2019.<\/p>\n<p>Auteur:<br \/>\n<a href=\"https:\/\/www.lesoirdalgerie.com\/periscoop\/budget-supplementaire-60775\">Cliquez ici pour lire l&rsquo;article depuis sa source.<\/a><\/p>\n","protected":false},"excerpt":{"rendered":"<p>Les \u00e9tablissements publics de sant\u00e9 viennent de recevoir\u00a0 le premier budget suppl\u00e9mentaire de l&rsquo;exercice 2021. Le minist\u00e8re de la Sant\u00e9, \u00e0 travers sa direction des finances et des moyens, a instruit les responsables des structures publiques afin que l&rsquo;enveloppe d\u00e9gag\u00e9e serve au r\u00e8glement de la troisi\u00e8me tranche de la prime Covid-19, au paiement des dettes [&hellip;]<\/p>\n","protected":false},"author":1741,"featured_media":0,"comment_status":"closed","ping_status":"closed","sticky":false,"template":"","format":"standard","meta":{"fifu_image_url":"","fifu_image_alt":"","footnotes":""},"categories":[73,53],"tags":[],"class_list":["post-116403","post","type-post","status-publish","format-standard","hentry","category-actualite","category-algerie"],"_links":{"self":[{"href":"https:\/\/linitiative.ca\/International\/wp-json\/wp\/v2\/posts\/116403","targetHints":{"allow":["GET"]}}],"collection":[{"href":"https:\/\/linitiative.ca\/International\/wp-json\/wp\/v2\/posts"}],"about":[{"href":"https:\/\/linitiative.ca\/International\/wp-json\/wp\/v2\/types\/post"}],"author":[{"embeddable":true,"href":"https:\/\/linitiative.ca\/International\/wp-json\/wp\/v2\/users\/1741"}],"replies":[{"embeddable":true,"href":"https:\/\/linitiative.ca\/International\/wp-json\/wp\/v2\/comments?post=116403"}],"version-history":[{"count":0,"href":"https:\/\/linitiative.ca\/International\/wp-json\/wp\/v2\/posts\/116403\/revisions"}],"wp:attachment":[{"href":"https:\/\/linitiative.ca\/International\/wp-json\/wp\/v2\/media?parent=116403"}],"wp:term":[{"taxonomy":"category","embeddable":true,"href":"https:\/\/linitiative.ca\/International\/wp-json\/wp\/v2\/categories?post=116403"},{"taxonomy":"post_tag","embeddable":true,"href":"https:\/\/linitiative.ca\/International\/wp-json\/wp\/v2\/tags?post=116403"}],"curies":[{"name":"wp","href":"https:\/\/api.w.org\/{rel}","templated":true}]}}